{"id":12032,"date":"2021-03-17T09:23:44","date_gmt":"2021-03-17T15:23:44","guid":{"rendered":"https:\/\/encuentroinformativo.com.mx\/?p=12032"},"modified":"2021-03-17T09:23:48","modified_gmt":"2021-03-17T15:23:48","slug":"tambien-el-covid-saca-lo-mejor-de-todos","status":"publish","type":"post","link":"https:\/\/encuentroinformativo.com.mx\/?p=12032","title":{"rendered":"TAMBI\u00c9N EL COVID SACA LO MEJOR DE TODOS"},"content":{"rendered":"\n<p><strong>@pablojair<br><br>+ Noticias que har\u00e1n cimbrar al pa\u00eds.<br>+ Huevos para todos.<br>+ \u201cMe puedo gastar el dinero p\u00fablico hasta en pxtxs\u201d<br>+ Reyes Peralta se la recuerda a Yunes.<br><br><em>Ya nom\u00e1s falta que salga un video de Rogelio \u201cN&#8221;<br>con una cabra o algo as\u00ed, mientras lo azota la exmujer.<br>&#8211;Chopenjawer<\/em><br><\/strong><br>M\u00e1s all\u00e1 de las intenciones perversas de grup\u00fasculos que siempre tratan de politizar y hacerla de flatulencia por todo, las brigadas de vacunaci\u00f3n contra el Covid19 han sido un \u00e9xito y hasta los detractores del gobierno de la Cuarta Transformeishion se expresan contentos por estar vacunados ellos o sus abuelitos.<\/p>\n\n\n\n<p>(Dichosos ustedes que los tienen vivos y los pueden besar, cotorrear, ver todos los d\u00edas; que les vivan muchos, much\u00edsimos a\u00f1os m\u00e1s).<\/p>\n\n\n\n<p>Si bien desde aqu\u00ed hemos criticado la manera en que aplican el plan de vacunaci\u00f3n, el saber que ya muchos se han podido inocular contra la pandemia del siglo es una esperanza reconfortante para nuestros cercanos; no s\u00f3lo por los propios abuelos y familiares, sino tambi\u00e9n vecinos y amigos, gente con la que vemos, hablamos y convivimos diario.<\/p>\n\n\n\n<p>Aunque se comentaba que la organizaci\u00f3n fue muy tediosa al principio, al paso de los d\u00edas ha sido ya m\u00e1s fluida y todo lo anterior tiene una l\u00f3gica: nadie estaba preparado para la pandemia; pr\u00e1cticamente estamos aprendiendo sobre la marcha hasta para vacunar.<\/p>\n\n\n\n<p>Tan estamos aprendiendo como especie a lidiar con este bicho que pa\u00edses europeos decidieron suspender moment\u00e1neamente la vacuna del laboratorio Astra Zeneca s\u00f3lo para estudiar si est\u00e1 relacionado a casos de muertes en pacientes inyectados con esa f\u00f3rmula.<\/p>\n\n\n\n<p>Se puede apreciar mucha expectativa; personas que ya preguntan a sus hijos y nietos d\u00f3nde se deben apuntar, qu\u00e9 deben llevar y c\u00f3mo tienen acceso a la vacuna. En Minatitl\u00e1n, por ejemplo, ya hasta hab\u00eda corrido el chisme de que iban a vacunar y no faltaron los que se fueron a formar, pero todo era falso.<\/p>\n\n\n\n<p>Tambi\u00e9n hay notas de color que valen la pena destacar en medio de la pandemia, que adem\u00e1s deber\u00edan ser las noticias m\u00e1s constantes para leerse.<\/p>\n\n\n\n<p>Por ejemplo, varias empresas han decidido donar alimentos y bebidas a quienes esperan en las filas, as\u00ed como al personal m\u00e9dico y de apoyo que est\u00e1 pr\u00e1cticamente todo el d\u00eda vacunando a la poblaci\u00f3n.<\/p>\n\n\n\n<p>En Xalapa, el muy famoso grupo de m\u00fasica popular \u201cLos Caracoles\u201d ha ido a los centros de vacunaci\u00f3n para amenizar de manera gratuita y hay hasta videos de la gente bailando con sus canciones. De igual manera, hace transmisiones en vivo para la banda que todav\u00eda est\u00e1 confinada, resguard\u00e1ndose del coronavirus.<\/p>\n\n\n\n<p>Otros casos muy emotivos han sido el de gente que se esfuerza en llevar a quienes ya no pueden moverse por s\u00ed mismos, como el joven de Piedras Negras, Coahuila, que a falta de silla de ruedas carga a su madre para llevarla a vacunar (la conmovedora fotograf\u00eda deber\u00eda ser premiada como la del a\u00f1o).<\/p>\n\n\n\n<p>O el caso de Seferino Hern\u00e1ndez, quien llev\u00f3 a su esposa en un triciclo de esos que se usan para vender elotes, para llevarla a vacunar contra el Covid-19 en el auditorio Francisco Eduardo Tresguerras, en Celaya, Guanajuato.<\/p>\n\n\n\n<p>La pol\u00edtica, la grilla, las \u201cluchas\u201d que nom\u00e1s son pose o por meros intereses pol\u00edticos y mezquinos, son una mierda. Esto que saca lo mejor de todos es lo que verdaderamente vale. Estas son las noticias que valen la pena destacar.<\/p>\n\n\n\n<p><strong>NOTA PARA PEGAR EN EL REFRI:&nbsp;<\/strong>Que la reuni\u00f3n entre el presidente Andr\u00e9s Manuel L\u00f3pez Obrador y el gobernador Cuitl\u00e1huac Garc\u00eda Jim\u00e9nez no s\u00f3lo fue para afinar detalles de la visita del mandatario a tierras veracruzanas&nbsp;<a href=\"outlook-data-detector:\/\/0\">este jueves<\/a>&nbsp;y viernes, sino que se le dio parte y conocimiento de varios temas al mandatario nacional; \u00e9ste, por su lado, dio un reconocimiento al gober por el tema de seguridad. Otros chismosos de la sede del Poder Ejecutivo, dicen que tambi\u00e9n trataron noticias que har\u00e1n cimbrar el pa\u00eds.<\/p>\n\n\n\n<p><strong>NOTA DE HUEVOS:&nbsp;<\/strong>El m\u00e1s chiquito de los Yunes habl\u00f3 de &#8220;estupideces&#8221; y miren c\u00f3mo le fue a Rogelio &#8220;N&#8221;&#8230; Los de los Verificentros andaban muy sacalepuntas regalando huevos en Palacio de Gobierno y&nbsp;<a href=\"outlook-data-detector:\/\/2\">este martes<\/a>&nbsp;se los regresaron en la protesta afuera de Sedema&#8230; El que no entienda el mensaje, es que de plano es muy idiota.<\/p>\n\n\n\n<p><strong>OTRA NOTA:&nbsp;<\/strong>&#8220;Me puedo gastar el dinero p\u00fablico hasta en pxtxs\u201d, frase que dijo el diputado local y coordinador de la bancada del Partido Acci\u00f3n Nacional en el Congreso del Estado de Michoac\u00e1n, Javier Estrada C\u00e1rdenas, quien seguramente ir\u00e1 para letras de cobre en el muro de la verg\u00fcenza de los pol\u00edticos machistas, mis\u00f3ginos, pero sobre todo los doble cara del PAN, que por un lado hablan de valores, de moralidad, quieren dar clases de rectitud, etc., pero en el fondo les encanta el despapaye y despilfarrar billete. Por cierto, lo anterior recuerda tambi\u00e9n a lo ocurrido en la pasada Legislatura cuando el PAN controlaba la Junta de Coordinaci\u00f3n Pol\u00edtica y tambi\u00e9n surgi\u00f3 a la luz un esc\u00e1ndalo por usar el dinero p\u00fablico para pachangas con acompa\u00f1antes\u2026 Le digo: la pura doble moral.<\/p>\n\n\n\n<p><strong>LA \u00daLTIMA PORQUE HAY QUE HACER MALETA:&nbsp;<\/strong>El reconocido abogado Jorge Reyes Peralta calific\u00f3 como \u201cc\u00ednico\u201d al exgobernador Miguel \u00c1ngel Yunes Linares por hablar de \u201cpresos pol\u00edticos\u201d. V\u00eda Twitter, el experto penalista public\u00f3: \u201cVaya cinismo del \u201cef\u00edmero\u201d ex-gobernador de veracruz @YoconYunes hablar de \u201cpresos pol\u00edticos\u201d cuando es p\u00fablico que uso a este par de pillos para fabricar delincuentes @FGE_Veracruz @TSJVer @legisver por cierto y cuando los capturan?\u201d. Al texto acompa\u00f1a una imagen del exfiscal Jorge Winckler Ortiz y del exfiscal anticorrupci\u00f3n Marcos Even Torres Zamudio, ambos pr\u00f3fugos de la justicia por delitos que van desde tortura y abuso de poder. Como ya se ha informado, el exgobernador Yunes Linares public\u00f3 en redes sociales un texto donde calific\u00f3 como \u201cpreso pol\u00edtico\u201d a su exsecretario de Gobierno, Rogelio \u201cN\u201d, detenido este s\u00e1bado por el delito de ultrajes a la autoridad y a quien le dictaron prisi\u00f3n preventiva justificada&nbsp;<a href=\"outlook-data-detector:\/\/4\">este lunes por la noche<\/a>. \u201cPero la historia y la Ley juzgar\u00e1n a quienes usan la fuerza del Estado para perseguir a sus adversarios\u201d, public\u00f3 Yunes en otra parte del texto. La cr\u00edtica es en el sentido de que Yunes Linares fue el mandatario estatal que us\u00f3 a la Fiscal\u00eda General del Estado, v\u00eda el titular Jorge Winckler, para perseguir a exfuncionarios del gobierno de Javier Duarte, considerados opositores pol\u00edticos.<\/p>\n","protected":false},"excerpt":{"rendered":"<p>@pablojair + Noticias que har\u00e1n cimbrar al pa\u00eds.+ Huevos para todos.+ \u201cMe puedo gastar el dinero p\u00fablico hasta en pxtxs\u201d+ Reyes Peralta se la recuerda a Yunes. Ya nom\u00e1s falta que salga un video de Rogelio \u201cN&#8221;con una cabra o algo as\u00ed, mientras lo azota la exmujer.&#8211;ChopenjawerM\u00e1s all\u00e1 de las intenciones perversas de grup\u00fasculos que [&hellip;]<\/p>\n","protected":false},"author":1,"featured_media":488,"comment_status":"open","ping_status":"open","sticky":false,"template":"","format":"standard","meta":{"_jetpack_memberships_contains_paid_content":false,"footnotes":""},"categories":[11],"tags":[],"class_list":["post-12032","post","type-post","status-publish","format-standard","has-post-thumbnail","hentry","category-opinion"],"jetpack_featured_media_url":"https:\/\/encuentroinformativo.com.mx\/wp-content\/uploads\/2020\/03\/F471F608-BA1A-416B-BA7B-BCFB24F4E6D0.jpeg","jetpack_sharing_enabled":true,"jetpack_likes_enabled":true,"amp_enabled":true,"_links":{"self":[{"href":"https:\/\/encuentroinformativo.com.mx\/index.php?rest_route=\/wp\/v2\/posts\/12032","targetHints":{"allow":["GET"]}}],"collection":[{"href":"https:\/\/encuentroinformativo.com.mx\/index.php?rest_route=\/wp\/v2\/posts"}],"about":[{"href":"https:\/\/encuentroinformativo.com.mx\/index.php?rest_route=\/wp\/v2\/types\/post"}],"author":[{"embeddable":true,"href":"https:\/\/encuentroinformativo.com.mx\/index.php?rest_route=\/wp\/v2\/users\/1"}],"replies":[{"embeddable":true,"href":"https:\/\/encuentroinformativo.com.mx\/index.php?rest_route=%2Fwp%2Fv2%2Fcomments&post=12032"}],"version-history":[{"count":1,"href":"https:\/\/encuentroinformativo.com.mx\/index.php?rest_route=\/wp\/v2\/posts\/12032\/revisions"}],"predecessor-version":[{"id":12033,"href":"https:\/\/encuentroinformativo.com.mx\/index.php?rest_route=\/wp\/v2\/posts\/12032\/revisions\/12033"}],"wp:featuredmedia":[{"embeddable":true,"href":"https:\/\/encuentroinformativo.com.mx\/index.php?rest_route=\/wp\/v2\/media\/488"}],"wp:attachment":[{"href":"https:\/\/encuentroinformativo.com.mx\/index.php?rest_route=%2Fwp%2Fv2%2Fmedia&parent=12032"}],"wp:term":[{"taxonomy":"category","embeddable":true,"href":"https:\/\/encuentroinformativo.com.mx\/index.php?rest_route=%2Fwp%2Fv2%2Fcategories&post=12032"},{"taxonomy":"post_tag","embeddable":true,"href":"https:\/\/encuentroinformativo.com.mx\/index.php?rest_route=%2Fwp%2Fv2%2Ftags&post=12032"}],"curies":[{"name":"wp","href":"https:\/\/api.w.org\/{rel}","templated":true}]}}