{"id":12044,"date":"2021-03-17T13:02:02","date_gmt":"2021-03-17T19:02:02","guid":{"rendered":"https:\/\/encuentroinformativo.com.mx\/?p=12044"},"modified":"2021-03-17T13:02:06","modified_gmt":"2021-03-17T19:02:06","slug":"pan-municipal-quiere-candidatura-propia-en-xalapa","status":"publish","type":"post","link":"https:\/\/encuentroinformativo.com.mx\/?p=12044","title":{"rendered":"PAN municipal quiere candidatura propia en Xalapa"},"content":{"rendered":"\n<p><strong>Juan Arco<\/strong>s <\/p>\n\n\n\n<p>Xalapa, Ver.- El dirigente municipal del Partido Acci\u00f3n Nacional (PAN), Mart\u00edn Espinoza Rold\u00e1n, pidi\u00f3 que la candidatura en Xalapa por la alianza \u201cVeracruz Va\u201d, integrada por PRI, PAN y PRD, sea encabezada por el albiazul.<\/p>\n\n\n\n<p>En conferencia de prensa, fue enf\u00e1tico al precisar que al interior del PAN existen consensos para apoyar la alianza a nivel federal y estatal, pero en el plano municipal es necesario impulsar una candidatura propia.<\/p>\n\n\n\n<p>\u201cSomos muy sensibles a la situaci\u00f3n que guarda el pa\u00eds y por tal motivo apoyamos la alianza a nivel federal y estatal, pero en la parte municipal el PAN ha tomado la decisi\u00f3n de ir solos\u201d.<\/p>\n\n\n\n<p>Adem\u00e1s, consider\u00f3 que el PAN es la fuerza electoral de oposici\u00f3n con mayor fortaleza en Xalapa, lo cual puede comprobarse con los resultados de las \u00faltimas elecciones.<\/p>\n\n\n\n<p>\u201cEn el PAN tenemos un candidato competitivo y una propuesta de gobierno humanista y desarrollo, que est\u00e1 abierta a todos los sectores de la sociedad\u201d.<\/p>\n\n\n\n<p>Cabe recordar que los dirigentes estatales del PRI, PAN y PRD, Marlon Ram\u00edrez, Joaqu\u00edn Guzm\u00e1n y Sergio Cadena, respectivamente, han dado a conocer que ser\u00e1n las dirigencias nacionales quienes decidan si proceder\u00e1 la alianza en la candidatura a la presidencia municipal de Xalapa.<\/p>\n\n\n\n<p>Espinoza Rold\u00e1n refiri\u00f3 que el PAN crear\u00e1 una gran alianza, pero con las xalape\u00f1as y xalape\u00f1os dispuestos a reconstruir lo que Morena ha echado a perder institucionalmente.<\/p>\n\n\n\n<p>\u201cA diferencia de otras ciudades de las Rep\u00fablica, donde hay crecimiento, \u00f3ptimas condiciones de seguridad y atracci\u00f3n de inversiones, en la capital veracruzana vemos un rezago que ya es insostenible\u201d, enfatiz\u00f3.<\/p>\n","protected":false},"excerpt":{"rendered":"<p>Juan Arcos Xalapa, Ver.- El dirigente municipal del Partido Acci\u00f3n Nacional (PAN), Mart\u00edn Espinoza Rold\u00e1n, pidi\u00f3 que la candidatura en Xalapa por la alianza \u201cVeracruz Va\u201d, integrada por PRI, PAN y PRD, sea encabezada por el albiazul. En conferencia de prensa, fue enf\u00e1tico al precisar que al interior del PAN existen consensos para apoyar la [&hellip;]<\/p>\n","protected":false},"author":1,"featured_media":12045,"comment_status":"open","ping_status":"open","sticky":false,"template":"","format":"standard","meta":{"_jetpack_memberships_contains_paid_content":false,"footnotes":""},"categories":[3],"tags":[],"class_list":["post-12044","post","type-post","status-publish","format-standard","has-post-thumbnail","hentry","category-xalapa"],"jetpack_featured_media_url":"https:\/\/encuentroinformativo.com.mx\/wp-content\/uploads\/2021\/03\/731CC15A-8712-45D2-A521-A8713A88BD79.jpeg","jetpack_sharing_enabled":true,"jetpack_likes_enabled":true,"amp_enabled":true,"_links":{"self":[{"href":"https:\/\/encuentroinformativo.com.mx\/index.php?rest_route=\/wp\/v2\/posts\/12044","targetHints":{"allow":["GET"]}}],"collection":[{"href":"https:\/\/encuentroinformativo.com.mx\/index.php?rest_route=\/wp\/v2\/posts"}],"about":[{"href":"https:\/\/encuentroinformativo.com.mx\/index.php?rest_route=\/wp\/v2\/types\/post"}],"author":[{"embeddable":true,"href":"https:\/\/encuentroinformativo.com.mx\/index.php?rest_route=\/wp\/v2\/users\/1"}],"replies":[{"embeddable":true,"href":"https:\/\/encuentroinformativo.com.mx\/index.php?rest_route=%2Fwp%2Fv2%2Fcomments&post=12044"}],"version-history":[{"count":1,"href":"https:\/\/encuentroinformativo.com.mx\/index.php?rest_route=\/wp\/v2\/posts\/12044\/revisions"}],"predecessor-version":[{"id":12046,"href":"https:\/\/encuentroinformativo.com.mx\/index.php?rest_route=\/wp\/v2\/posts\/12044\/revisions\/12046"}],"wp:featuredmedia":[{"embeddable":true,"href":"https:\/\/encuentroinformativo.com.mx\/index.php?rest_route=\/wp\/v2\/media\/12045"}],"wp:attachment":[{"href":"https:\/\/encuentroinformativo.com.mx\/index.php?rest_route=%2Fwp%2Fv2%2Fmedia&parent=12044"}],"wp:term":[{"taxonomy":"category","embeddable":true,"href":"https:\/\/encuentroinformativo.com.mx\/index.php?rest_route=%2Fwp%2Fv2%2Fcategories&post=12044"},{"taxonomy":"post_tag","embeddable":true,"href":"https:\/\/encuentroinformativo.com.mx\/index.php?rest_route=%2Fwp%2Fv2%2Ftags&post=12044"}],"curies":[{"name":"wp","href":"https:\/\/api.w.org\/{rel}","templated":true}]}}