{"id":12050,"date":"2021-03-17T13:47:10","date_gmt":"2021-03-17T19:47:10","guid":{"rendered":"https:\/\/encuentroinformativo.com.mx\/?p=12050"},"modified":"2021-03-17T13:47:14","modified_gmt":"2021-03-17T19:47:14","slug":"lider-de-verificentros-es-preso-politico-acusan-familiares","status":"publish","type":"post","link":"https:\/\/encuentroinformativo.com.mx\/?p=12050","title":{"rendered":"L\u00edder de verificentros es \u201cpreso pol\u00edtico\u201d, acusan familiares"},"content":{"rendered":"\n<p><strong>Dar\u00edo Pale <\/strong><\/p>\n\n\n\n<p>Xalapa, Ver.- Rodrigo C\u00e1zares Lince hijo del vocero de los centros de Verificaci\u00f3n en Veracruz, Eduardo Mario C\u00e1zares Sort de Sanz, denunci\u00f3 que, luego de la detenci\u00f3n de su padre el pasado martes en las oficinas de la Sedema, este se ha convertido en un \u201cpreso pol\u00edtico\u201d.<\/p>\n\n\n\n<p>En conferencia de prensa, realizada en conocido caf\u00e9 del centro de Xalapa se\u00f1al\u00f3 que su pap\u00e1 fue detenido por el delito de ultraje a la autoridad, sin embargo neg\u00f3 que se haya dado alg\u00fan acto de violencia por parte de los manifestantes en contra de los elementos uniformados o alguna autoridad.<\/p>\n\n\n\n<p>Dio a conocer que incluso la manifestaci\u00f3n se deb\u00eda a la negativa de la venta de engomados por parte de la Secretar\u00eda de Medio Ambiente, pero a\u00fan no hab\u00eda comenzado y los Polic\u00edas Estatales llegaron por la parte de atr\u00e1s del vocero y \u201ca empujones\u201d se lo llevaron.<\/p>\n\n\n\n<p>\u201cMi pap\u00e1 vio pasar a los polic\u00edas y pens\u00f3 que no iban por \u00e9l y lo tomaron por atr\u00e1s y bueno de ah\u00ed los empujones t\u00edpicos de la detenci\u00f3n por ultrajes a la autoridad, este que fue reformado a apenas hace unos d\u00edas\u201d, se\u00f1al\u00f3.<\/p>\n\n\n\n<p>Adem\u00e1s, dio a conocer que Sort de Sanz se encuentra mal de salud ya que es hipertenso y requiere atenci\u00f3n m\u00e9dica y aunque se le quiso dar una pastilla, prefiero no tomarla porque no conf\u00eda en nadie al interior de los separos de la Polic\u00eda Ministerial, pero pasado el t\u00e9rmino de las 48 horas, Eduardo Mario Cazares Sort de Sanz conocer\u00e1 si ser\u00e1 consignado al penal de Pacho Viejo o seguir\u00e1 su proceso en libertad, por el delito de ultrajes a la autoridad.<\/p>\n\n\n\n<p>Sin embargo, su hijo Rodrigo Cazares asegur\u00f3 que su padre es un preso pol\u00edtico por haberse expresado libremente en contra de la corrupci\u00f3n que prevalece en la administraci\u00f3n de Cuitl\u00e1huac Garc\u00eda Jim\u00e9nez, particularmente en la Secretar\u00eda de Medio Ambiente.<\/p>\n\n\n\n<p>&#8220;No s\u00f3lo es un acto de intimidaci\u00f3n, mi pap\u00e1 es tomado como un preso pol\u00edtico, no es momento de un preso pol\u00edtico, estamos en tiempos electorales y que hagan este tipo de cosas con tal arbitrariedad nos deja muy sorprendidos, esperamos que quepa la prudencia en el Gobernador, para que lo puedan liberar y seguir su proceso afuera, es una demanda totalmente v\u00e1lida, son empresarios que han invertido en sus equipos de verificaci\u00f3n y de repente el Gobierno los quiere tomar como empleados, eso no se hab\u00eda visto en peores gobiernos&#8221;, acus\u00f3.<\/p>\n\n\n\n<p>Asegur\u00f3 que las protestas no van a cesar por la detenci\u00f3n de su padre, al mismo tiempo que neg\u00f3\u00a0que este mi\u00e9rcoles hayan bloqueado la entrada de la Secretar\u00eda, solamente colocaron sillas, tan es as\u00ed que hubo trabajadores que pudieron entrar y salir.<\/p>\n\n\n\n<p>Rechaz\u00f3 que su padre haya opuesto resistencia a la detenci\u00f3n como s\u00ed ocurri\u00f3 en el caso del exsecretario de Gobierno, Rogelio Franco,\u00a0\u201cno agredi\u00f3 a ninguno de los polic\u00edas que estaban ah\u00ed. Son cosas acumuladas, mi pap\u00e1 ha venido protestando desde hace a\u00f1os, y son cosas que en este momento al Gobierno no le convienen&#8221;, coment\u00f3.<\/p>\n\n\n\n<p>&#8220;Estamos en un momento de algidez pol\u00edtica en donde no quieren que se diga nada&#8230; somos m\u00e1s de 200 concesionarios que tienen trabajadores, que est\u00e1n afectados ellos y sus familias&#8221;, agreg\u00f3.<\/p>\n\n\n\n<p>Finalmente Rodrigo Cazares no descart\u00f3 que la persecuci\u00f3n pol\u00edtica contra su padre haya sido una consecuencia de su libre expresi\u00f3n al llevarle huevos al Gobernador a Palacio de Gobierno.<\/p>\n","protected":false},"excerpt":{"rendered":"<p>Dar\u00edo Pale Xalapa, Ver.- Rodrigo C\u00e1zares Lince hijo del vocero de los centros de Verificaci\u00f3n en Veracruz, Eduardo Mario C\u00e1zares Sort de Sanz, denunci\u00f3 que, luego de la detenci\u00f3n de su padre el pasado martes en las oficinas de la Sedema, este se ha convertido en un \u201cpreso pol\u00edtico\u201d. En conferencia de prensa, realizada en [&hellip;]<\/p>\n","protected":false},"author":1,"featured_media":12051,"comment_status":"open","ping_status":"open","sticky":false,"template":"","format":"standard","meta":{"_jetpack_memberships_contains_paid_content":false,"footnotes":""},"categories":[3],"tags":[],"class_list":["post-12050","post","type-post","status-publish","format-standard","has-post-thumbnail","hentry","category-xalapa"],"jetpack_featured_media_url":"https:\/\/encuentroinformativo.com.mx\/wp-content\/uploads\/2021\/03\/AB01D6C6-3212-4293-8E4F-3980CB4716F9.jpeg","jetpack_sharing_enabled":true,"jetpack_likes_enabled":true,"amp_enabled":true,"_links":{"self":[{"href":"https:\/\/encuentroinformativo.com.mx\/index.php?rest_route=\/wp\/v2\/posts\/12050","targetHints":{"allow":["GET"]}}],"collection":[{"href":"https:\/\/encuentroinformativo.com.mx\/index.php?rest_route=\/wp\/v2\/posts"}],"about":[{"href":"https:\/\/encuentroinformativo.com.mx\/index.php?rest_route=\/wp\/v2\/types\/post"}],"author":[{"embeddable":true,"href":"https:\/\/encuentroinformativo.com.mx\/index.php?rest_route=\/wp\/v2\/users\/1"}],"replies":[{"embeddable":true,"href":"https:\/\/encuentroinformativo.com.mx\/index.php?rest_route=%2Fwp%2Fv2%2Fcomments&post=12050"}],"version-history":[{"count":1,"href":"https:\/\/encuentroinformativo.com.mx\/index.php?rest_route=\/wp\/v2\/posts\/12050\/revisions"}],"predecessor-version":[{"id":12052,"href":"https:\/\/encuentroinformativo.com.mx\/index.php?rest_route=\/wp\/v2\/posts\/12050\/revisions\/12052"}],"wp:featuredmedia":[{"embeddable":true,"href":"https:\/\/encuentroinformativo.com.mx\/index.php?rest_route=\/wp\/v2\/media\/12051"}],"wp:attachment":[{"href":"https:\/\/encuentroinformativo.com.mx\/index.php?rest_route=%2Fwp%2Fv2%2Fmedia&parent=12050"}],"wp:term":[{"taxonomy":"category","embeddable":true,"href":"https:\/\/encuentroinformativo.com.mx\/index.php?rest_route=%2Fwp%2Fv2%2Fcategories&post=12050"},{"taxonomy":"post_tag","embeddable":true,"href":"https:\/\/encuentroinformativo.com.mx\/index.php?rest_route=%2Fwp%2Fv2%2Ftags&post=12050"}],"curies":[{"name":"wp","href":"https:\/\/api.w.org\/{rel}","templated":true}]}}