{"id":12053,"date":"2021-03-17T14:05:09","date_gmt":"2021-03-17T20:05:09","guid":{"rendered":"https:\/\/encuentroinformativo.com.mx\/?p=12053"},"modified":"2021-03-17T14:05:12","modified_gmt":"2021-03-17T20:05:12","slug":"niega-marcos-isleno-acusaciones-en-su-contra","status":"publish","type":"post","link":"https:\/\/encuentroinformativo.com.mx\/?p=12053","title":{"rendered":"Niega Marcos Isle\u00f1o acusaciones en su contra"},"content":{"rendered":"\n<p><strong>Alejandro \u00c1vila<\/strong><\/p>\n\n\n\n<p>Medell\u00edn de Bravo, Ver.- El pre candidato a la alcald\u00eda de Medell\u00edn de Bravo, Marcos Isle\u00f1o Andrade, rompi\u00f3 el silencio y cit\u00f3 a rueda de prensa para aclarar y enfrentar las acusaciones en su contra que se han realizado durante las \u00faltimas semanas.<\/p>\n\n\n\n<p>Acus\u00f3 que sus detractores lo han acusado de actos anticipados de campa\u00f1a, de violencia de g\u00e9nero y de desv\u00edo de recursos durante su paso como presidente municipal, acciones que desmintio y aclar\u00f3 en primera instancia mediante su abogado.<\/p>\n\n\n\n<p>El litigante Jos\u00e9 Zarate, se\u00f1al\u00f3 que al termino de su gesti\u00f3n como alcalde, del a\u00f1o 2011 al 2013, el \u00d3rgano de Fiscalizaci\u00f3n de Veracruz (ORFIS), no inici\u00f3 ning\u00fan procedimiento en su contra por alguna anomal\u00eda en la gesti\u00f3n p\u00fablica.<\/p>\n\n\n\n<p>&#8220;Nunca hubo una denuncia penal ni administrativa, y mucho menos hubo un juicio que hub\u00edera llegado a una sentencia donde Marcos Isle\u00f1o saliera culpable de los delitos que se le imputan falsamente&#8221;, expres\u00f3.<\/p>\n\n\n\n<p>De la misma manera, expuso que las acusaciones por violencia de g\u00e9nero fueron acusaciones mediaticas, pues \u00e9l nunca ha tenido una denuncia penal por tal acci\u00f3n.<\/p>\n\n\n\n<p>&#8220;Marcos Isle\u00f1o nunca ha tenido una denuncia por ese caracter, por ser golpeador ni atacar a alguna mujer, y por lo tanto tampoco a llegado a un juicio penal en el que \u00e9l haya sido sentenciado por esta raz\u00f3n, \u00e9l no tiene ning\u00fan antecedente penal, ni en ese sentido, ni en ning\u00fan otro. Tan es as\u00ed que todos saben que el OPLE estatal, tiene un registro de personas que han actuado con violencia contra las mujeres, y ese registro le permite al OPLE no registrar a una persona que quiera ser candidato de cualquier partido si tiene esos antecedentes&#8221;, apunt\u00f3.<\/p>\n\n\n\n<p>Jos\u00e9 Zarate, expuso que se solicit\u00f3 al Organismo P\u00fablico Local Electoral (OPLE), una constancia que avale que puede registrarte como candidato, al no haber una denuncia judicial en su contra y esta, est\u00e1n a punto de obtenerla.<\/p>\n\n\n\n<p>Finalmente, apunt\u00f3 que las calumnias e su contra han salido de diversas personas, aunque se\u00f1al\u00f3 a Enrique Trejo Morales, militante del partido MORENA en Medell\u00edn de Bravo, y a quien por falsear documentos y realizar injurias en contra de Marcos Isle\u00f1o Andrade, ha sido denunciado de manera penal.<\/p>\n\n\n\n<p>&#8220;Hay dos carpetas de investigaci\u00f3n en proceso, hay una queja ante el OPLE por propaganda anticipada y propaganda negativa, y vamos a seguir interponiendo las denuncias y las quejas que nos corresponden para beneficio de la integridad de Marcos Isle\u00f1o&#8221;, sentenci\u00f3.<\/p>\n","protected":false},"excerpt":{"rendered":"<p>Alejandro \u00c1vila Medell\u00edn de Bravo, Ver.- El pre candidato a la alcald\u00eda de Medell\u00edn de Bravo, Marcos Isle\u00f1o Andrade, rompi\u00f3 el silencio y cit\u00f3 a rueda de prensa para aclarar y enfrentar las acusaciones en su contra que se han realizado durante las \u00faltimas semanas. Acus\u00f3 que sus detractores lo han acusado de actos anticipados [&hellip;]<\/p>\n","protected":false},"author":1,"featured_media":12054,"comment_status":"open","ping_status":"open","sticky":false,"template":"","format":"standard","meta":{"_jetpack_memberships_contains_paid_content":false,"footnotes":""},"categories":[2],"tags":[],"class_list":["post-12053","post","type-post","status-publish","format-standard","has-post-thumbnail","hentry","category-estado"],"jetpack_featured_media_url":"https:\/\/encuentroinformativo.com.mx\/wp-content\/uploads\/2021\/03\/B45337B9-FA0E-49C5-BCE6-8BB90CF9938C.jpeg","jetpack_sharing_enabled":true,"jetpack_likes_enabled":true,"amp_enabled":true,"_links":{"self":[{"href":"https:\/\/encuentroinformativo.com.mx\/index.php?rest_route=\/wp\/v2\/posts\/12053","targetHints":{"allow":["GET"]}}],"collection":[{"href":"https:\/\/encuentroinformativo.com.mx\/index.php?rest_route=\/wp\/v2\/posts"}],"about":[{"href":"https:\/\/encuentroinformativo.com.mx\/index.php?rest_route=\/wp\/v2\/types\/post"}],"author":[{"embeddable":true,"href":"https:\/\/encuentroinformativo.com.mx\/index.php?rest_route=\/wp\/v2\/users\/1"}],"replies":[{"embeddable":true,"href":"https:\/\/encuentroinformativo.com.mx\/index.php?rest_route=%2Fwp%2Fv2%2Fcomments&post=12053"}],"version-history":[{"count":1,"href":"https:\/\/encuentroinformativo.com.mx\/index.php?rest_route=\/wp\/v2\/posts\/12053\/revisions"}],"predecessor-version":[{"id":12055,"href":"https:\/\/encuentroinformativo.com.mx\/index.php?rest_route=\/wp\/v2\/posts\/12053\/revisions\/12055"}],"wp:featuredmedia":[{"embeddable":true,"href":"https:\/\/encuentroinformativo.com.mx\/index.php?rest_route=\/wp\/v2\/media\/12054"}],"wp:attachment":[{"href":"https:\/\/encuentroinformativo.com.mx\/index.php?rest_route=%2Fwp%2Fv2%2Fmedia&parent=12053"}],"wp:term":[{"taxonomy":"category","embeddable":true,"href":"https:\/\/encuentroinformativo.com.mx\/index.php?rest_route=%2Fwp%2Fv2%2Fcategories&post=12053"},{"taxonomy":"post_tag","embeddable":true,"href":"https:\/\/encuentroinformativo.com.mx\/index.php?rest_route=%2Fwp%2Fv2%2Ftags&post=12053"}],"curies":[{"name":"wp","href":"https:\/\/api.w.org\/{rel}","templated":true}]}}