{"id":12059,"date":"2021-03-17T16:02:43","date_gmt":"2021-03-17T22:02:43","guid":{"rendered":"https:\/\/encuentroinformativo.com.mx\/?p=12059"},"modified":"2021-03-17T16:02:47","modified_gmt":"2021-03-17T22:02:47","slug":"por-presuntos-abusos-policiales-sonideros-presentaron-quejas","status":"publish","type":"post","link":"https:\/\/encuentroinformativo.com.mx\/?p=12059","title":{"rendered":"Por presuntos abusos policiales, sonideros  presentaron quejas"},"content":{"rendered":"\n<p><strong>Juan Arcos <\/strong><\/p>\n\n\n\n<p>Xalapa, Ver.- Sonideros presentaron una queja en la Comisi\u00f3n Estatal de Derechos Humanos (CEDH), luego de que realizaran \u201cpeque\u00f1as reuniones\u201d para tener ingresos econ\u00f3micos y fueran amedrentados por polic\u00edas.<\/p>\n\n\n\n<p>As\u00ed lo dio a conocer el abogado de los trabajadores, Alejandro Luna, quien record\u00f3 que dicha queja fue presentada principalmente porque los elementos de seguridad se presentaron a las fiestas y ocasionaron da\u00f1os al equipo de sonido.<\/p>\n\n\n\n<p>\u201cHan sido violentados algunos compa\u00f1eros que han trabajado en peque\u00f1as reuniones, han llegado algunas instituciones, no sabemos si son del mismo gobierno pero han maltratado su equipo de trabajo y hasta a los mismos compa\u00f1eros, al parecer fue por polic\u00edas, no sabemos si estatales o municipales\u201d.<\/p>\n\n\n\n<p>El entrevistado indic\u00f3 que hasta el momento no han sido presentadas las denuncias en la Fiscal\u00eda General del Estado (FGE) por temor a represalias.<\/p>\n\n\n\n<p>Sin embargo, el representante legal refiri\u00f3 que no se descarta la posibilidad de proceder legalmente por dichas agresiones contra los sonideros.<\/p>\n\n\n\n<p>Alejandro Luna se\u00f1al\u00f3 que la queja tambi\u00e9n fue presentada en la Comisi\u00f3n Estatal de Derechos Humanos, debido a que est\u00e1n siendo violentados sus derechos por parte del gobierno, al no permitirles trabajar durante la pandemia del SARS-COV-2 (COVID-19) para llevar el sustento a sus familias.<\/p>\n\n\n\n<p>\u201cYa se meti\u00f3 la queja en Derechos Humanos porque han sido violentados nuestros derechos como trabajadores. Posteriormente se dar\u00e1 el procedimiento legal adecuado\u201d.<\/p>\n\n\n\n<p>El abogado detall\u00f3 que existen condiciones para promover un amparo y garantizar que los trabajadores de eventos sociales puedan continuar con su actividad, respetando las medidas sanitarias para evitar contagios.<\/p>\n","protected":false},"excerpt":{"rendered":"<p>Juan Arcos Xalapa, Ver.- Sonideros presentaron una queja en la Comisi\u00f3n Estatal de Derechos Humanos (CEDH), luego de que realizaran \u201cpeque\u00f1as reuniones\u201d para tener ingresos econ\u00f3micos y fueran amedrentados por polic\u00edas. As\u00ed lo dio a conocer el abogado de los trabajadores, Alejandro Luna, quien record\u00f3 que dicha queja fue presentada principalmente porque los elementos de [&hellip;]<\/p>\n","protected":false},"author":1,"featured_media":12060,"comment_status":"open","ping_status":"open","sticky":false,"template":"","format":"standard","meta":{"_jetpack_memberships_contains_paid_content":false,"footnotes":""},"categories":[3],"tags":[],"class_list":["post-12059","post","type-post","status-publish","format-standard","has-post-thumbnail","hentry","category-xalapa"],"jetpack_featured_media_url":"https:\/\/encuentroinformativo.com.mx\/wp-content\/uploads\/2021\/03\/DD214591-2666-4486-936E-26DB8913E0C4.jpeg","jetpack_sharing_enabled":true,"jetpack_likes_enabled":true,"amp_enabled":true,"_links":{"self":[{"href":"https:\/\/encuentroinformativo.com.mx\/index.php?rest_route=\/wp\/v2\/posts\/12059","targetHints":{"allow":["GET"]}}],"collection":[{"href":"https:\/\/encuentroinformativo.com.mx\/index.php?rest_route=\/wp\/v2\/posts"}],"about":[{"href":"https:\/\/encuentroinformativo.com.mx\/index.php?rest_route=\/wp\/v2\/types\/post"}],"author":[{"embeddable":true,"href":"https:\/\/encuentroinformativo.com.mx\/index.php?rest_route=\/wp\/v2\/users\/1"}],"replies":[{"embeddable":true,"href":"https:\/\/encuentroinformativo.com.mx\/index.php?rest_route=%2Fwp%2Fv2%2Fcomments&post=12059"}],"version-history":[{"count":1,"href":"https:\/\/encuentroinformativo.com.mx\/index.php?rest_route=\/wp\/v2\/posts\/12059\/revisions"}],"predecessor-version":[{"id":12061,"href":"https:\/\/encuentroinformativo.com.mx\/index.php?rest_route=\/wp\/v2\/posts\/12059\/revisions\/12061"}],"wp:featuredmedia":[{"embeddable":true,"href":"https:\/\/encuentroinformativo.com.mx\/index.php?rest_route=\/wp\/v2\/media\/12060"}],"wp:attachment":[{"href":"https:\/\/encuentroinformativo.com.mx\/index.php?rest_route=%2Fwp%2Fv2%2Fmedia&parent=12059"}],"wp:term":[{"taxonomy":"category","embeddable":true,"href":"https:\/\/encuentroinformativo.com.mx\/index.php?rest_route=%2Fwp%2Fv2%2Fcategories&post=12059"},{"taxonomy":"post_tag","embeddable":true,"href":"https:\/\/encuentroinformativo.com.mx\/index.php?rest_route=%2Fwp%2Fv2%2Ftags&post=12059"}],"curies":[{"name":"wp","href":"https:\/\/api.w.org\/{rel}","templated":true}]}}