{"id":12065,"date":"2021-03-18T09:33:06","date_gmt":"2021-03-18T15:33:06","guid":{"rendered":"https:\/\/encuentroinformativo.com.mx\/?p=12065"},"modified":"2021-03-18T09:33:09","modified_gmt":"2021-03-18T15:33:09","slug":"politicos-de-cristal","status":"publish","type":"post","link":"https:\/\/encuentroinformativo.com.mx\/?p=12065","title":{"rendered":"Pol\u00edticos de cristal"},"content":{"rendered":"\n<p><strong>Los Pol\u00edticos<\/strong><\/p>\n\n\n\n<p><strong>Salvador Mu\u00f1oz<\/strong><\/p>\n\n\n\n<p>\u00a1\u00a1\u00a1BUENOS D\u00cdAS!!!\u2013 Me saluda uno de los uniformados que hace la ronda por Jardines de Xalapa. Respondo sottovoce, bajito: \u201c\u00a1Buenos d\u00edas!\u201d, a lo que el Oficial exclama: \u201c\u00bfC\u00d3MO?\u201d y vuelvo a contestar del mismo modo, con timidez: \u201c\u00a1Buenos d\u00edas!\u201d y el agente de la Seguridad me dice: \u201c\u00bfY por qu\u00e9 habla tan bajito?\u201d, y termino explic\u00e1ndole que capaz que le contesto golpeado, me acusa de Ultrajes a la Autoridad y hasta de causarle da\u00f1o psicol\u00f3gico que me puede costar el pago de terapias.<\/p>\n\n\n\n<p>Por supuesto, esto no es m\u00e1s que una broma aunque tambi\u00e9n es en serio, tras los \u00faltimos acontecimientos en donde por decreto, se busca que los ciudadanos respeten a las autoridades\u2026 al costo que sea\u2026 aun por encima de la libertad de expresi\u00f3n. \u00bfSe le tiene respeto a las autoridades? Muy dif\u00edcil.<\/p>\n\n\n\n<p>Quiz\u00e1s por eso hemos visto intentos por parte de varios pol\u00edticos, distintos partidos, para evitar ser tocados hasta por el p\u00e9talo de una rosa, a trav\u00e9s de candados, que van desde pretensiones de Leyes Anti-Memes o regular las benditas redes sociales.<\/p>\n\n\n\n<p>II<\/p>\n\n\n\n<p>En la secundaria, no faltaba quien pasara a contar chistes de ciegos y al final, \u00a1todos a las risas! Lo mismo ocurr\u00eda cuando contaban chistes de enanos, de inv\u00e1lidos, de mongoles, de jotos. Conste, hablo de principios de los 80.<\/p>\n\n\n\n<p>Al paso de los a\u00f1os, se contaban los mismos chistes pero ya era de d\u00e9biles visuales, personas con capacidades diferentes, especiales o con distintas preferencias sexuales&#8230; pero las risas fueron disminuyendo. \u00bfQu\u00e9 ocurri\u00f3? Se dio la Inclusi\u00f3n. En una de \u00e9sas, por la misma raz\u00f3n, hasta es posible que nuestra \u201cmoral\u201d haya cambiado\u2026 y nuestras leyes y reglamentos tambi\u00e9n.<\/p>\n\n\n\n<p>III<\/p>\n\n\n\n<p>Recuerdo a Jorge. Est\u00e1bamos en el Prope, all\u00e1 en Ciudad Mendoza. Se organiz\u00f3 un torneo de b\u00e1squetbol y Jorge pidi\u00f3 incluirlo en el equipo. A \u00e9l le dec\u00edamos \u201cEl Inmortal\u201d, porque nunca iba a estirar la pata; o el \u201cMiguel Bos\u00e9\u201d, por \u201cese modo de andar\u201d&#8230; s\u00ed, ten\u00eda una pierna m\u00e1s corta que otra por lo que se apoyaba con la punta de uno de sus pies para caminar. \u00bfPor qu\u00e9 estaba as\u00ed? No s\u00e9, no le preguntamos\u2026 total que ese d\u00eda del torneo, nos estaban dando una reverenda madriza. Afuera, Jorge ped\u00eda a gritos que lo dej\u00e1ramos entrar. Alguien pidi\u00f3 el cambio y entr\u00f3 Jorge, quien cuando tom\u00f3 el bal\u00f3n, con una destreza incre\u00edble, botaba y piboteaba esquivando rivales hasta tener posici\u00f3n de lance \u00a1y empez\u00f3 a encestar! S\u00ed, estoy seguro que perdimos esa ocasi\u00f3n, pero Jorge fue el h\u00e9roe del partido. En el torneo de futbolito y algunas veces en partidos de futbol, fue tambi\u00e9n nuestro portero. Claro, no por eso dej\u00f3 de ser nuestro querido \u201cEl Inmortal\u201d o nuestro apreciable \u201cMiguel Bos\u00e9\u201d.<\/p>\n\n\n\n<p>IV<\/p>\n\n\n\n<p>Hoy denominan a los j\u00f3venes y ni\u00f1os como Generaci\u00f3n de Cristal, y entre sus caracter\u00edsticas est\u00e1n el manejo diestro de tecnolog\u00edas, poco emp\u00e1ticos y sobreprotegidos\u2026 yo creo que muchos de nuestros pol\u00edticos son parte igual de esta Generaci\u00f3n de Cristal pero por su baja autoestima; por confiar s\u00f3lo en el uso o abuso del Poder; por esa imperiosa necesidad de reconocimiento constante y la nula tolerancia a la cr\u00edtica y al rechazo; por esa rara habilidad para la frustraci\u00f3n. \u00a1Imaginen! \u00a1Se indignan si les dicen Bola 8! \u00a1Se ofenden si les dicen ineptos para gobernar! \u00a1Cuando a ellos se les permiti\u00f3 la manifestaci\u00f3n de sus ideas tanto en las calles como en las benditas redes sociales, ahora, son incapaces de aceptarlas envueltos en ese halo de Autoridad Moral donde todo lo que hagan est\u00e1 bien. As\u00ed que ya sabe\u2026 si se encuentra a un Polic\u00eda, a un Pol\u00edtico, a un funcionario de esta reciente generaci\u00f3n, h\u00e1blele quedito, no golpeado\u2026 no vaya a ser la de malas&#8230;<\/p>\n\n\n\n<p><a>smcainito@gmail.com<\/a><\/p>\n","protected":false},"excerpt":{"rendered":"<p>Los Pol\u00edticos Salvador Mu\u00f1oz \u00a1\u00a1\u00a1BUENOS D\u00cdAS!!!\u2013 Me saluda uno de los uniformados que hace la ronda por Jardines de Xalapa. Respondo sottovoce, bajito: \u201c\u00a1Buenos d\u00edas!\u201d, a lo que el Oficial exclama: \u201c\u00bfC\u00d3MO?\u201d y vuelvo a contestar del mismo modo, con timidez: \u201c\u00a1Buenos d\u00edas!\u201d y el agente de la Seguridad me dice: \u201c\u00bfY por qu\u00e9 habla [&hellip;]<\/p>\n","protected":false},"author":1,"featured_media":70,"comment_status":"open","ping_status":"open","sticky":false,"template":"","format":"standard","meta":{"_jetpack_memberships_contains_paid_content":false,"footnotes":""},"categories":[11],"tags":[],"class_list":["post-12065","post","type-post","status-publish","format-standard","has-post-thumbnail","hentry","category-opinion"],"jetpack_featured_media_url":"https:\/\/encuentroinformativo.com.mx\/wp-content\/uploads\/2020\/02\/opinion-invitado.jpg","jetpack_sharing_enabled":true,"jetpack_likes_enabled":true,"amp_enabled":true,"_links":{"self":[{"href":"https:\/\/encuentroinformativo.com.mx\/index.php?rest_route=\/wp\/v2\/posts\/12065","targetHints":{"allow":["GET"]}}],"collection":[{"href":"https:\/\/encuentroinformativo.com.mx\/index.php?rest_route=\/wp\/v2\/posts"}],"about":[{"href":"https:\/\/encuentroinformativo.com.mx\/index.php?rest_route=\/wp\/v2\/types\/post"}],"author":[{"embeddable":true,"href":"https:\/\/encuentroinformativo.com.mx\/index.php?rest_route=\/wp\/v2\/users\/1"}],"replies":[{"embeddable":true,"href":"https:\/\/encuentroinformativo.com.mx\/index.php?rest_route=%2Fwp%2Fv2%2Fcomments&post=12065"}],"version-history":[{"count":1,"href":"https:\/\/encuentroinformativo.com.mx\/index.php?rest_route=\/wp\/v2\/posts\/12065\/revisions"}],"predecessor-version":[{"id":12066,"href":"https:\/\/encuentroinformativo.com.mx\/index.php?rest_route=\/wp\/v2\/posts\/12065\/revisions\/12066"}],"wp:featuredmedia":[{"embeddable":true,"href":"https:\/\/encuentroinformativo.com.mx\/index.php?rest_route=\/wp\/v2\/media\/70"}],"wp:attachment":[{"href":"https:\/\/encuentroinformativo.com.mx\/index.php?rest_route=%2Fwp%2Fv2%2Fmedia&parent=12065"}],"wp:term":[{"taxonomy":"category","embeddable":true,"href":"https:\/\/encuentroinformativo.com.mx\/index.php?rest_route=%2Fwp%2Fv2%2Fcategories&post=12065"},{"taxonomy":"post_tag","embeddable":true,"href":"https:\/\/encuentroinformativo.com.mx\/index.php?rest_route=%2Fwp%2Fv2%2Ftags&post=12065"}],"curies":[{"name":"wp","href":"https:\/\/api.w.org\/{rel}","templated":true}]}}