{"id":12076,"date":"2021-03-18T14:52:45","date_gmt":"2021-03-18T20:52:45","guid":{"rendered":"https:\/\/encuentroinformativo.com.mx\/?p=12076"},"modified":"2021-03-18T14:52:48","modified_gmt":"2021-03-18T20:52:48","slug":"tren-ligero-aportaria-a-movilidad-investigador","status":"publish","type":"post","link":"https:\/\/encuentroinformativo.com.mx\/?p=12076","title":{"rendered":"Tren ligero aportar\u00eda a movilidad: Investigador"},"content":{"rendered":"\n<p><strong>Juan Arcos<\/strong> <\/p>\n\n\n\n<p>Xalapa, Ver.- En el a\u00f1o 2011, el doctor Dar\u00edo Fabi\u00e1n Hern\u00e1ndez Gonz\u00e1lez present\u00f3 el proyecto de movilidad urbana denominado \u201cXALAPA 2020\u201d, como parte de sus investigaciones de Planeaci\u00f3n y Desarrollo Urbano y Metropolitano en el Instituto de Investigaciones en Estudios Superiores Econ\u00f3micos y Sociales (IIESES) de la Universidad Veracruzana (UV).<\/p>\n\n\n\n<p>La investigaci\u00f3n que inici\u00f3 en el a\u00f1o 2009 y se concluy\u00f3 en 2011, podr\u00eda concretarse en la actualidad con el proyecto del Gobierno Federal del Tren Ligero Inter-Urbano.<\/p>\n\n\n\n<p>El Investigador sostiene dos importantes observaciones: la movilidad interna de las ciudades debe ser coincidente y concurrente al sistema para el funcionamiento \u00f3ptimo del todo, como un sistema.<\/p>\n\n\n\n<p>Adem\u00e1s, el costo del tren ligero es mayor que del metrobus, pero finalmente se utiliza el mismo trayecto y espacio (reciclaje urbano) propuesto originalmente en Xalapa.<\/p>\n\n\n\n<p>\u201cUna gran noticia y de gran visi\u00f3n para el desarrollo urbano-regional, pero tambi\u00e9n, una urgencia de Planeaci\u00f3n armonizada desde lo federal, pasando por lo estatal hasta llegar a lo municipal\u201d, indic\u00f3.<\/p>\n\n\n\n<p>Se trata de una planeaci\u00f3n estructural (opuesta a la de mercado) por la que el investigador acad\u00e9mico tanto ha luchado por m\u00e1s de una d\u00e9cada.<\/p>\n\n\n\n<p>En su conferencia ma\u00f1anera, el presidente de la Rep\u00fablica, Andr\u00e9s Manuel L\u00f3pez Obrador, indic\u00f3 que el proyecto del Tren Ligero de Xalapa se realizar\u00e1 con base en una licitaci\u00f3n y se pretende concluirlo en el a\u00f1o 2025.<\/p>\n\n\n\n<p>\u201cEst\u00e1 muy entusiasmado el gobernador Cuitl\u00e1huac Garc\u00eda con ese proyecto y con otros est\u00e1 trabajando bien, lo estamos apoyando pero tenemos que actuar con cautela para no dejar obras inconclusa\u201d, expres\u00f3 el mandatario federal.<\/p>\n","protected":false},"excerpt":{"rendered":"<p>Juan Arcos Xalapa, Ver.- En el a\u00f1o 2011, el doctor Dar\u00edo Fabi\u00e1n Hern\u00e1ndez Gonz\u00e1lez present\u00f3 el proyecto de movilidad urbana denominado \u201cXALAPA 2020\u201d, como parte de sus investigaciones de Planeaci\u00f3n y Desarrollo Urbano y Metropolitano en el Instituto de Investigaciones en Estudios Superiores Econ\u00f3micos y Sociales (IIESES) de la Universidad Veracruzana (UV). La investigaci\u00f3n que [&hellip;]<\/p>\n","protected":false},"author":1,"featured_media":12077,"comment_status":"open","ping_status":"open","sticky":false,"template":"","format":"standard","meta":{"_jetpack_memberships_contains_paid_content":false,"footnotes":""},"categories":[3],"tags":[],"class_list":["post-12076","post","type-post","status-publish","format-standard","has-post-thumbnail","hentry","category-xalapa"],"jetpack_featured_media_url":"https:\/\/encuentroinformativo.com.mx\/wp-content\/uploads\/2021\/03\/007A0C37-43DF-4355-8824-A508EAA45E1E.jpeg","jetpack_sharing_enabled":true,"jetpack_likes_enabled":true,"amp_enabled":true,"_links":{"self":[{"href":"https:\/\/encuentroinformativo.com.mx\/index.php?rest_route=\/wp\/v2\/posts\/12076","targetHints":{"allow":["GET"]}}],"collection":[{"href":"https:\/\/encuentroinformativo.com.mx\/index.php?rest_route=\/wp\/v2\/posts"}],"about":[{"href":"https:\/\/encuentroinformativo.com.mx\/index.php?rest_route=\/wp\/v2\/types\/post"}],"author":[{"embeddable":true,"href":"https:\/\/encuentroinformativo.com.mx\/index.php?rest_route=\/wp\/v2\/users\/1"}],"replies":[{"embeddable":true,"href":"https:\/\/encuentroinformativo.com.mx\/index.php?rest_route=%2Fwp%2Fv2%2Fcomments&post=12076"}],"version-history":[{"count":1,"href":"https:\/\/encuentroinformativo.com.mx\/index.php?rest_route=\/wp\/v2\/posts\/12076\/revisions"}],"predecessor-version":[{"id":12078,"href":"https:\/\/encuentroinformativo.com.mx\/index.php?rest_route=\/wp\/v2\/posts\/12076\/revisions\/12078"}],"wp:featuredmedia":[{"embeddable":true,"href":"https:\/\/encuentroinformativo.com.mx\/index.php?rest_route=\/wp\/v2\/media\/12077"}],"wp:attachment":[{"href":"https:\/\/encuentroinformativo.com.mx\/index.php?rest_route=%2Fwp%2Fv2%2Fmedia&parent=12076"}],"wp:term":[{"taxonomy":"category","embeddable":true,"href":"https:\/\/encuentroinformativo.com.mx\/index.php?rest_route=%2Fwp%2Fv2%2Fcategories&post=12076"},{"taxonomy":"post_tag","embeddable":true,"href":"https:\/\/encuentroinformativo.com.mx\/index.php?rest_route=%2Fwp%2Fv2%2Ftags&post=12076"}],"curies":[{"name":"wp","href":"https:\/\/api.w.org\/{rel}","templated":true}]}}