{"id":12082,"date":"2021-03-18T15:47:49","date_gmt":"2021-03-18T21:47:49","guid":{"rendered":"https:\/\/encuentroinformativo.com.mx\/?p=12082"},"modified":"2021-03-18T15:47:53","modified_gmt":"2021-03-18T21:47:53","slug":"disminuye-produccion-de-cafe-en-coatepec","status":"publish","type":"post","link":"https:\/\/encuentroinformativo.com.mx\/?p=12082","title":{"rendered":"Disminuye producci\u00f3n de caf\u00e9 en Coatepec"},"content":{"rendered":"\n<p><strong>Juan Arcos<\/strong><\/p>\n\n\n\n<p>Coatepec, Ver.- La producci\u00f3n de caf\u00e9 disminuy\u00f3 30 por ciento en la regi\u00f3n de Coatepec, en comparaci\u00f3n con el a\u00f1o anterior.<\/p>\n\n\n\n<p>De acuerdo con el presidente del Consejo Regional del Caf\u00e9 de Coatepec, Cirio Ru\u00edz Gonz\u00e1lez, la crisis propiciada por diversos factores ocasion\u00f3 que los ingresos para los cafeticultores disminuyeran.<\/p>\n\n\n\n<p>&#8220;En lo que es la producci\u00f3n cerramos el ciclo con una baja de un 30 por ciento disminuyeron los ingresos el caf\u00e9 subi\u00f3 de precio a nivel internacional, el precio que esper\u00e1bamos no lo fue cuando mucho cerrar\u00eda en 8 pesos con cincuenta centavos en kilo de cereza&#8221;, coment\u00f3.<\/p>\n\n\n\n<p>El entrevistado detall\u00f3 que el incremento en el precio del arom\u00e1tico a nivel internacional emper\u00f3 la situaci\u00f3n para el sector.<\/p>\n\n\n\n<p>\u201cQueremos tener cafetales fuertes y una mejor cosecha en el pr\u00f3ximo ciclo\u201d, enfatiz\u00f3.&nbsp;<\/p>\n\n\n\n<p>El l\u00edder cafetalero indic\u00f3 que el kilogramo de cereza alcanz\u00f3 los 8 pesos con 50 centavos, lo que se traduce en un negocio cada vez menos redituable.<\/p>\n\n\n\n<p>\u201cEsperamos que haya cr\u00e9ditos, est\u00e1 cerrando la cosecha, pero necesitamos cr\u00e9ditos con la financiera rural. Eso es lo que esperamos en la parte productiva y esperemos que en los pr\u00f3ximos d\u00edas ya est\u00e9 autorizado este cr\u00e9dito del 11 por ciento anual\u201d, refiri\u00f3.<\/p>\n\n\n\n<p>Finalmente, mencion\u00f3 que los productores est\u00e1n recibiendo 6 mil 200 pesos anuales por el programa federal de Bienestar, lo que ha sido de gran ayuda para el sector cafetalero.<\/p>\n","protected":false},"excerpt":{"rendered":"<p>Juan Arcos Coatepec, Ver.- La producci\u00f3n de caf\u00e9 disminuy\u00f3 30 por ciento en la regi\u00f3n de Coatepec, en comparaci\u00f3n con el a\u00f1o anterior. De acuerdo con el presidente del Consejo Regional del Caf\u00e9 de Coatepec, Cirio Ru\u00edz Gonz\u00e1lez, la crisis propiciada por diversos factores ocasion\u00f3 que los ingresos para los cafeticultores disminuyeran. &#8220;En lo que [&hellip;]<\/p>\n","protected":false},"author":1,"featured_media":12083,"comment_status":"open","ping_status":"open","sticky":false,"template":"","format":"standard","meta":{"_jetpack_memberships_contains_paid_content":false,"footnotes":""},"categories":[8],"tags":[],"class_list":["post-12082","post","type-post","status-publish","format-standard","has-post-thumbnail","hentry","category-region"],"jetpack_featured_media_url":"https:\/\/encuentroinformativo.com.mx\/wp-content\/uploads\/2021\/03\/265CEA9E-331D-4F09-9151-B7C56F5CD2F6.jpeg","jetpack_sharing_enabled":true,"jetpack_likes_enabled":true,"amp_enabled":true,"_links":{"self":[{"href":"https:\/\/encuentroinformativo.com.mx\/index.php?rest_route=\/wp\/v2\/posts\/12082","targetHints":{"allow":["GET"]}}],"collection":[{"href":"https:\/\/encuentroinformativo.com.mx\/index.php?rest_route=\/wp\/v2\/posts"}],"about":[{"href":"https:\/\/encuentroinformativo.com.mx\/index.php?rest_route=\/wp\/v2\/types\/post"}],"author":[{"embeddable":true,"href":"https:\/\/encuentroinformativo.com.mx\/index.php?rest_route=\/wp\/v2\/users\/1"}],"replies":[{"embeddable":true,"href":"https:\/\/encuentroinformativo.com.mx\/index.php?rest_route=%2Fwp%2Fv2%2Fcomments&post=12082"}],"version-history":[{"count":1,"href":"https:\/\/encuentroinformativo.com.mx\/index.php?rest_route=\/wp\/v2\/posts\/12082\/revisions"}],"predecessor-version":[{"id":12084,"href":"https:\/\/encuentroinformativo.com.mx\/index.php?rest_route=\/wp\/v2\/posts\/12082\/revisions\/12084"}],"wp:featuredmedia":[{"embeddable":true,"href":"https:\/\/encuentroinformativo.com.mx\/index.php?rest_route=\/wp\/v2\/media\/12083"}],"wp:attachment":[{"href":"https:\/\/encuentroinformativo.com.mx\/index.php?rest_route=%2Fwp%2Fv2%2Fmedia&parent=12082"}],"wp:term":[{"taxonomy":"category","embeddable":true,"href":"https:\/\/encuentroinformativo.com.mx\/index.php?rest_route=%2Fwp%2Fv2%2Fcategories&post=12082"},{"taxonomy":"post_tag","embeddable":true,"href":"https:\/\/encuentroinformativo.com.mx\/index.php?rest_route=%2Fwp%2Fv2%2Ftags&post=12082"}],"curies":[{"name":"wp","href":"https:\/\/api.w.org\/{rel}","templated":true}]}}