{"id":12085,"date":"2021-03-18T16:05:20","date_gmt":"2021-03-18T22:05:20","guid":{"rendered":"https:\/\/encuentroinformativo.com.mx\/?p=12085"},"modified":"2021-03-18T16:05:23","modified_gmt":"2021-03-18T22:05:23","slug":"vuelca-empleada-del-issste-en-carretera-de-alvarado","status":"publish","type":"post","link":"https:\/\/encuentroinformativo.com.mx\/?p=12085","title":{"rendered":"Vuelca empleada del ISSSTE en carretera de Alvarado"},"content":{"rendered":"\n<p><strong>Alejandro \u00c1vila<\/strong><\/p>\n\n\n\n<p>Alvarado, Ver.- La se\u00f1ora Guillermina Mart\u00ednez Mor\u00e1n de aproximadamente 60 a\u00f1os, perdi\u00f3 el control de su veh\u00edculo en la carretera 180 y volc\u00f3 su unidad a la altura de la localidad de La Piedra en el municipio de Alvarado.<\/p>\n\n\n\n<p>La mujer que conduc\u00eda en direcci\u00f3n sur a norte no pudo contener su veh\u00edculo marca Toyota Avanza en color dorado y con matr\u00edcula YAV-895-A, por lo que volc\u00f3 au carro y sali\u00f3 de la carretera causandole severos golpes y da\u00f1os materiales a la autom\u00f3vil.<\/p>\n\n\n\n<p>La afectada fue trasladada a la cl\u00ednica del ISSSTE m\u00e1s cercana para su atenci\u00f3n m\u00e9dica y donde al momento se reporta delicada pero estable.<\/p>\n\n\n\n<p>Cabe se\u00f1alar que durante meses, los automovilistas que transitan por la zona han pedido en diversas ocasiones a la Secretar\u00eda de Comunicaciones y Transportes (SCT) que mejore las condiciones de la carretera federal 180, donde por su mal estado se han registrad diversos accidentes.<\/p>\n\n\n\n<p>La propia SCT se\u00f1al\u00f3 hace 18 meses que ya exist\u00eda un proyecto y presupuesto para darle mantenimiento, sin que hasta el momento se haya concretado tal obra p\u00fablica.<\/p>\n","protected":false},"excerpt":{"rendered":"<p>Alejandro \u00c1vila Alvarado, Ver.- La se\u00f1ora Guillermina Mart\u00ednez Mor\u00e1n de aproximadamente 60 a\u00f1os, perdi\u00f3 el control de su veh\u00edculo en la carretera 180 y volc\u00f3 su unidad a la altura de la localidad de La Piedra en el municipio de Alvarado. La mujer que conduc\u00eda en direcci\u00f3n sur a norte no pudo contener su veh\u00edculo [&hellip;]<\/p>\n","protected":false},"author":1,"featured_media":12086,"comment_status":"open","ping_status":"open","sticky":false,"template":"","format":"standard","meta":{"_jetpack_memberships_contains_paid_content":false,"footnotes":""},"categories":[14],"tags":[],"class_list":["post-12085","post","type-post","status-publish","format-standard","has-post-thumbnail","hentry","category-policiaca"],"jetpack_featured_media_url":"https:\/\/encuentroinformativo.com.mx\/wp-content\/uploads\/2021\/03\/173945BB-C901-42A0-8252-1F021B86D294.jpeg","jetpack_sharing_enabled":true,"jetpack_likes_enabled":true,"amp_enabled":true,"_links":{"self":[{"href":"https:\/\/encuentroinformativo.com.mx\/index.php?rest_route=\/wp\/v2\/posts\/12085","targetHints":{"allow":["GET"]}}],"collection":[{"href":"https:\/\/encuentroinformativo.com.mx\/index.php?rest_route=\/wp\/v2\/posts"}],"about":[{"href":"https:\/\/encuentroinformativo.com.mx\/index.php?rest_route=\/wp\/v2\/types\/post"}],"author":[{"embeddable":true,"href":"https:\/\/encuentroinformativo.com.mx\/index.php?rest_route=\/wp\/v2\/users\/1"}],"replies":[{"embeddable":true,"href":"https:\/\/encuentroinformativo.com.mx\/index.php?rest_route=%2Fwp%2Fv2%2Fcomments&post=12085"}],"version-history":[{"count":1,"href":"https:\/\/encuentroinformativo.com.mx\/index.php?rest_route=\/wp\/v2\/posts\/12085\/revisions"}],"predecessor-version":[{"id":12087,"href":"https:\/\/encuentroinformativo.com.mx\/index.php?rest_route=\/wp\/v2\/posts\/12085\/revisions\/12087"}],"wp:featuredmedia":[{"embeddable":true,"href":"https:\/\/encuentroinformativo.com.mx\/index.php?rest_route=\/wp\/v2\/media\/12086"}],"wp:attachment":[{"href":"https:\/\/encuentroinformativo.com.mx\/index.php?rest_route=%2Fwp%2Fv2%2Fmedia&parent=12085"}],"wp:term":[{"taxonomy":"category","embeddable":true,"href":"https:\/\/encuentroinformativo.com.mx\/index.php?rest_route=%2Fwp%2Fv2%2Fcategories&post=12085"},{"taxonomy":"post_tag","embeddable":true,"href":"https:\/\/encuentroinformativo.com.mx\/index.php?rest_route=%2Fwp%2Fv2%2Ftags&post=12085"}],"curies":[{"name":"wp","href":"https:\/\/api.w.org\/{rel}","templated":true}]}}