{"id":12088,"date":"2021-03-18T16:22:44","date_gmt":"2021-03-18T22:22:44","guid":{"rendered":"https:\/\/encuentroinformativo.com.mx\/?p=12088"},"modified":"2021-03-18T16:22:47","modified_gmt":"2021-03-18T22:22:47","slug":"personal-de-clinica-66-del-imss-demanda-aplicacion-de-vacuna","status":"publish","type":"post","link":"https:\/\/encuentroinformativo.com.mx\/?p=12088","title":{"rendered":"Personal de cl\u00ednica 66 del IMSS demanda aplicaci\u00f3n de vacuna"},"content":{"rendered":"\n<p><strong>Juan Arcos\/Dar\u00edo Pale <\/strong><\/p>\n\n\n\n<p>Xalapa, Ver.- Personal m\u00e9dico y de enfermer\u00eda protest\u00f3 en la cl\u00ednica 66 del Instituto Mexicano del Seguro Social (IMSS), para exigir que sean vacunados contra el SARS-COV-2 (COVID-19).<\/p>\n\n\n\n<p>Los quejosos sostuvieron pancartas afuera de la Unidad M\u00e9dico Familiar (UMF), ubicada en la zona del mercado \u201cLos Sauces\u201d de Xalapa, donde se le\u00eda: \u201ctodo el personal debi\u00f3 ser prioridad, merezco la vacuna, por qu\u00e9 yo no\u201d.<\/p>\n\n\n\n<p>De acuerdo con la m\u00e9dico Luz Mar\u00eda Zaragoza Sobrevilla, ning\u00fan trabajador del \u00c1rea de Urgencias ha sido vacunado, pese a que se encuentran en la primera l\u00ednea de batalla contra la pandemia.<\/p>\n\n\n\n<p>\u201cNing\u00fan personal de urgencias ha sido vacunado ni el resto del personal de salud de la 66. S\u00f3lo algunos m\u00e9dicos que entran al Covid fueron vacunados\u201d, expres\u00f3 la entrevistada.<\/p>\n\n\n\n<p>Los trabajadores hicieron un llamado a los directivos y la federaci\u00f3n para acceder a la inmunidad contra el coronavirus, pues en la unidad laboran m\u00e1s de 350 personas y solo ha sido vacunado el cinco por ciento.<\/p>\n\n\n\n<p>En dicha cl\u00ednica son atendidos alrededor de 253 mil derechohabientes de Xalapa y de otros municipios que se encuentran en la regi\u00f3n capital.<\/p>\n\n\n\n<p>\u201cNo vemos para cu\u00e1ndo nos van a vacunar. Necesitamos que nos vacunen. Nosotros salvamos vidas\u201d, manifest\u00f3 Zaragoza Sobrevilla.<\/p>\n\n\n\n<p>Finalmente dieron a conocer que iniciar\u00e1n en sus turnos, paro de brazos ca\u00eddos en esta cl\u00ednica que a decir de los manifestantes, ocupa el quinto lugar en n\u00famero de atenci\u00f3n a pacientes, y ninguno de los directivos les ha dado la cara para aclarar este tema de la vacunaci\u00f3n.<br><\/p>\n\n\n\n<figure class=\"wp-block-image size-large\"><img loading=\"lazy\" decoding=\"async\" width=\"1024\" height=\"768\" src=\"https:\/\/encuentroinformativo.com.mx\/wp-content\/uploads\/2021\/03\/041E6B44-4138-45FB-9E63-CE9337B4C859-1024x768.jpeg\" alt=\"\" class=\"wp-image-12090\" srcset=\"https:\/\/encuentroinformativo.com.mx\/wp-content\/uploads\/2021\/03\/041E6B44-4138-45FB-9E63-CE9337B4C859-1024x768.jpeg 1024w, https:\/\/encuentroinformativo.com.mx\/wp-content\/uploads\/2021\/03\/041E6B44-4138-45FB-9E63-CE9337B4C859-300x225.jpeg 300w, https:\/\/encuentroinformativo.com.mx\/wp-content\/uploads\/2021\/03\/041E6B44-4138-45FB-9E63-CE9337B4C859-768x576.jpeg 768w, https:\/\/encuentroinformativo.com.mx\/wp-content\/uploads\/2021\/03\/041E6B44-4138-45FB-9E63-CE9337B4C859.jpeg 1280w\" sizes=\"auto, (max-width: 1024px) 100vw, 1024px\" \/><\/figure>\n","protected":false},"excerpt":{"rendered":"<p>Juan Arcos\/Dar\u00edo Pale Xalapa, Ver.- Personal m\u00e9dico y de enfermer\u00eda protest\u00f3 en la cl\u00ednica 66 del Instituto Mexicano del Seguro Social (IMSS), para exigir que sean vacunados contra el SARS-COV-2 (COVID-19). Los quejosos sostuvieron pancartas afuera de la Unidad M\u00e9dico Familiar (UMF), ubicada en la zona del mercado \u201cLos Sauces\u201d de Xalapa, donde se le\u00eda: [&hellip;]<\/p>\n","protected":false},"author":1,"featured_media":12089,"comment_status":"open","ping_status":"open","sticky":false,"template":"","format":"standard","meta":{"_jetpack_memberships_contains_paid_content":false,"footnotes":""},"categories":[9],"tags":[],"class_list":["post-12088","post","type-post","status-publish","format-standard","has-post-thumbnail","hentry","category-salud"],"jetpack_featured_media_url":"https:\/\/encuentroinformativo.com.mx\/wp-content\/uploads\/2021\/03\/2819CB7F-AE3B-4FD4-9B4B-0033B69D4405.jpeg","jetpack_sharing_enabled":true,"jetpack_likes_enabled":true,"amp_enabled":true,"_links":{"self":[{"href":"https:\/\/encuentroinformativo.com.mx\/index.php?rest_route=\/wp\/v2\/posts\/12088","targetHints":{"allow":["GET"]}}],"collection":[{"href":"https:\/\/encuentroinformativo.com.mx\/index.php?rest_route=\/wp\/v2\/posts"}],"about":[{"href":"https:\/\/encuentroinformativo.com.mx\/index.php?rest_route=\/wp\/v2\/types\/post"}],"author":[{"embeddable":true,"href":"https:\/\/encuentroinformativo.com.mx\/index.php?rest_route=\/wp\/v2\/users\/1"}],"replies":[{"embeddable":true,"href":"https:\/\/encuentroinformativo.com.mx\/index.php?rest_route=%2Fwp%2Fv2%2Fcomments&post=12088"}],"version-history":[{"count":1,"href":"https:\/\/encuentroinformativo.com.mx\/index.php?rest_route=\/wp\/v2\/posts\/12088\/revisions"}],"predecessor-version":[{"id":12091,"href":"https:\/\/encuentroinformativo.com.mx\/index.php?rest_route=\/wp\/v2\/posts\/12088\/revisions\/12091"}],"wp:featuredmedia":[{"embeddable":true,"href":"https:\/\/encuentroinformativo.com.mx\/index.php?rest_route=\/wp\/v2\/media\/12089"}],"wp:attachment":[{"href":"https:\/\/encuentroinformativo.com.mx\/index.php?rest_route=%2Fwp%2Fv2%2Fmedia&parent=12088"}],"wp:term":[{"taxonomy":"category","embeddable":true,"href":"https:\/\/encuentroinformativo.com.mx\/index.php?rest_route=%2Fwp%2Fv2%2Fcategories&post=12088"},{"taxonomy":"post_tag","embeddable":true,"href":"https:\/\/encuentroinformativo.com.mx\/index.php?rest_route=%2Fwp%2Fv2%2Ftags&post=12088"}],"curies":[{"name":"wp","href":"https:\/\/api.w.org\/{rel}","templated":true}]}}