{"id":12095,"date":"2021-03-18T17:58:20","date_gmt":"2021-03-18T23:58:20","guid":{"rendered":"https:\/\/encuentroinformativo.com.mx\/?p=12095"},"modified":"2021-03-18T17:58:23","modified_gmt":"2021-03-18T23:58:23","slug":"adultos-de-90-municipios-han-sido-vacunados","status":"publish","type":"post","link":"https:\/\/encuentroinformativo.com.mx\/?p=12095","title":{"rendered":"Adultos de 90 municipios han sido vacunados"},"content":{"rendered":"\n<p><strong>Dar\u00edo Pale <\/strong><\/p>\n\n\n\n<p>Xalapa, Ver.- Hasta el momento han aplicado la vacuna contra el COVID-19 en m\u00e1s de 90 municipios, as\u00ed lo inform\u00f3 el\u00a0delegado de los programas de apoyo de la Secretar\u00eda de Bienestar, Manuel Huerta Ladr\u00f3n de Guevara.<\/p>\n\n\n\n<p>En entrevista, se\u00f1al\u00f3 que a m\u00e1s tardar a finales de abril o principios del mes de mayo concluir\u00e1 la vacunaci\u00f3n para adultos mayores en el estado.<\/p>\n\n\n\n<p>Por otra parte, neg\u00f3 que la vacunaci\u00f3n tenga tintes pol\u00edticos, toda vez que se emiti\u00f3 un decreto presidencial para llevarla a cabo, para\u00a0ello, se coordinan con autoridades de los tres niveles de gobierno.<\/p>\n\n\n\n<p>&#8220;Esto es ajeno a cualquier partido pol\u00edtico, de hecho hay una publicidad permanente sobre ese tema. Lo m\u00e1s importante es que la ciudadan\u00eda est\u00e1 participando&#8221;, se\u00f1al\u00f3.<\/p>\n\n\n\n<p>Huerta Ladr\u00f3n de Guevara indic\u00f3 que la colaboraci\u00f3n de las autoridades locales ha sido solidaria, pero ha habido de todo.<\/p>\n\n\n\n<p>Finalmente insisti\u00f3 en que la vacunaci\u00f3n se lleva a cabo sin siglas partidistas, en ese sentido, record\u00f3 que la crisis sanitaria se decret\u00f3 cuando se instal\u00f3 el Consejo Nacional de Salubridad, mismo que fue convocado por el Poder Legislativo, \u00f3rgano pluripartidista y se le encomienda armar toda la coordinaci\u00f3n para la prevenci\u00f3n del Covid-19.<\/p>\n","protected":false},"excerpt":{"rendered":"<p>Dar\u00edo Pale Xalapa, Ver.- Hasta el momento han aplicado la vacuna contra el COVID-19 en m\u00e1s de 90 municipios, as\u00ed lo inform\u00f3 el\u00a0delegado de los programas de apoyo de la Secretar\u00eda de Bienestar, Manuel Huerta Ladr\u00f3n de Guevara. En entrevista, se\u00f1al\u00f3 que a m\u00e1s tardar a finales de abril o principios del mes de mayo [&hellip;]<\/p>\n","protected":false},"author":1,"featured_media":12096,"comment_status":"open","ping_status":"open","sticky":false,"template":"","format":"standard","meta":{"_jetpack_memberships_contains_paid_content":false,"footnotes":""},"categories":[2],"tags":[],"class_list":["post-12095","post","type-post","status-publish","format-standard","has-post-thumbnail","hentry","category-estado"],"jetpack_featured_media_url":"https:\/\/encuentroinformativo.com.mx\/wp-content\/uploads\/2021\/03\/A63E652C-4CD7-4294-ADF5-C96ACC320011.jpeg","jetpack_sharing_enabled":true,"jetpack_likes_enabled":true,"amp_enabled":true,"_links":{"self":[{"href":"https:\/\/encuentroinformativo.com.mx\/index.php?rest_route=\/wp\/v2\/posts\/12095","targetHints":{"allow":["GET"]}}],"collection":[{"href":"https:\/\/encuentroinformativo.com.mx\/index.php?rest_route=\/wp\/v2\/posts"}],"about":[{"href":"https:\/\/encuentroinformativo.com.mx\/index.php?rest_route=\/wp\/v2\/types\/post"}],"author":[{"embeddable":true,"href":"https:\/\/encuentroinformativo.com.mx\/index.php?rest_route=\/wp\/v2\/users\/1"}],"replies":[{"embeddable":true,"href":"https:\/\/encuentroinformativo.com.mx\/index.php?rest_route=%2Fwp%2Fv2%2Fcomments&post=12095"}],"version-history":[{"count":1,"href":"https:\/\/encuentroinformativo.com.mx\/index.php?rest_route=\/wp\/v2\/posts\/12095\/revisions"}],"predecessor-version":[{"id":12097,"href":"https:\/\/encuentroinformativo.com.mx\/index.php?rest_route=\/wp\/v2\/posts\/12095\/revisions\/12097"}],"wp:featuredmedia":[{"embeddable":true,"href":"https:\/\/encuentroinformativo.com.mx\/index.php?rest_route=\/wp\/v2\/media\/12096"}],"wp:attachment":[{"href":"https:\/\/encuentroinformativo.com.mx\/index.php?rest_route=%2Fwp%2Fv2%2Fmedia&parent=12095"}],"wp:term":[{"taxonomy":"category","embeddable":true,"href":"https:\/\/encuentroinformativo.com.mx\/index.php?rest_route=%2Fwp%2Fv2%2Fcategories&post=12095"},{"taxonomy":"post_tag","embeddable":true,"href":"https:\/\/encuentroinformativo.com.mx\/index.php?rest_route=%2Fwp%2Fv2%2Ftags&post=12095"}],"curies":[{"name":"wp","href":"https:\/\/api.w.org\/{rel}","templated":true}]}}