{"id":1211,"date":"2020-03-24T12:46:16","date_gmt":"2020-03-24T18:46:16","guid":{"rendered":"https:\/\/encuentroinformativo.com\/?p=1211"},"modified":"2020-03-24T12:46:18","modified_gmt":"2020-03-24T18:46:18","slug":"mexico-en-fase-2-por-covid-19","status":"publish","type":"post","link":"https:\/\/encuentroinformativo.com.mx\/?p=1211","title":{"rendered":"M\u00e9xico en fase 2 por Covid-19"},"content":{"rendered":"\n<p>Luis A. M\u00e9ndez<\/p>\n\n\n\n<p>M\u00e9xico (<strong>Fuente:<\/strong> Notimex).- El Gobierno de M\u00e9xico declar\u00f3 este martes la Fase 2 de la pandemia del coronavirus en el pa\u00eds, en donde ya se registraron casos de contagio local.<\/p>\n\n\n\n<p>Durante la conferencia de prensa del presidente Andr\u00e9s Manuel L\u00f3pez Obrador, el subsecretario de Salud, Hugo L\u00f3pez-Gatell, indic\u00f3 que con la declaraci\u00f3n de esta etapa&nbsp;el Sistema de Salud mexicano se anticipar\u00e1 a la llegada de la Fase 3, que &#8220;es inevitable&#8221;.<\/p>\n\n\n\n<p>\u201cTen\u00edamos una transmisi\u00f3n lenta, hasta que se llega a un punto de inflexi\u00f3n donde la curva de contagio sube, en M\u00e9xico todav\u00eda no llegamos al punto de inflexi\u00f3n y por eso es la oportunidad de Mexico para contener el contagio, el momento es este y por eso queremos declarar la fase dos\u201d, declar\u00f3 el subsecretario.<\/p>\n","protected":false},"excerpt":{"rendered":"<p>Luis A. M\u00e9ndez M\u00e9xico (Fuente: Notimex).- El Gobierno de M\u00e9xico declar\u00f3 este martes la Fase 2 de la pandemia del coronavirus en el pa\u00eds, en donde ya se registraron casos de contagio local. Durante la conferencia de prensa del presidente Andr\u00e9s Manuel L\u00f3pez Obrador, el subsecretario de Salud, Hugo L\u00f3pez-Gatell, indic\u00f3 que con la declaraci\u00f3n [&hellip;]<\/p>\n","protected":false},"author":1,"featured_media":938,"comment_status":"open","ping_status":"open","sticky":false,"template":"","format":"standard","meta":{"_jetpack_memberships_contains_paid_content":false,"footnotes":""},"categories":[12],"tags":[],"class_list":["post-1211","post","type-post","status-publish","format-standard","has-post-thumbnail","hentry","category-nacional"],"jetpack_featured_media_url":"https:\/\/encuentroinformativo.com.mx\/wp-content\/uploads\/2020\/03\/6ECE8595-63D7-415A-8C55-51C51086A42D.jpeg","jetpack_sharing_enabled":true,"jetpack_likes_enabled":true,"amp_enabled":true,"_links":{"self":[{"href":"https:\/\/encuentroinformativo.com.mx\/index.php?rest_route=\/wp\/v2\/posts\/1211","targetHints":{"allow":["GET"]}}],"collection":[{"href":"https:\/\/encuentroinformativo.com.mx\/index.php?rest_route=\/wp\/v2\/posts"}],"about":[{"href":"https:\/\/encuentroinformativo.com.mx\/index.php?rest_route=\/wp\/v2\/types\/post"}],"author":[{"embeddable":true,"href":"https:\/\/encuentroinformativo.com.mx\/index.php?rest_route=\/wp\/v2\/users\/1"}],"replies":[{"embeddable":true,"href":"https:\/\/encuentroinformativo.com.mx\/index.php?rest_route=%2Fwp%2Fv2%2Fcomments&post=1211"}],"version-history":[{"count":1,"href":"https:\/\/encuentroinformativo.com.mx\/index.php?rest_route=\/wp\/v2\/posts\/1211\/revisions"}],"predecessor-version":[{"id":1212,"href":"https:\/\/encuentroinformativo.com.mx\/index.php?rest_route=\/wp\/v2\/posts\/1211\/revisions\/1212"}],"wp:featuredmedia":[{"embeddable":true,"href":"https:\/\/encuentroinformativo.com.mx\/index.php?rest_route=\/wp\/v2\/media\/938"}],"wp:attachment":[{"href":"https:\/\/encuentroinformativo.com.mx\/index.php?rest_route=%2Fwp%2Fv2%2Fmedia&parent=1211"}],"wp:term":[{"taxonomy":"category","embeddable":true,"href":"https:\/\/encuentroinformativo.com.mx\/index.php?rest_route=%2Fwp%2Fv2%2Fcategories&post=1211"},{"taxonomy":"post_tag","embeddable":true,"href":"https:\/\/encuentroinformativo.com.mx\/index.php?rest_route=%2Fwp%2Fv2%2Ftags&post=1211"}],"curies":[{"name":"wp","href":"https:\/\/api.w.org\/{rel}","templated":true}]}}