{"id":12110,"date":"2021-03-19T13:09:07","date_gmt":"2021-03-19T19:09:07","guid":{"rendered":"https:\/\/encuentroinformativo.com.mx\/?p=12110"},"modified":"2021-03-19T13:09:10","modified_gmt":"2021-03-19T19:09:10","slug":"cuitlahuac-me-llena-de-orgullo-amlo","status":"publish","type":"post","link":"https:\/\/encuentroinformativo.com.mx\/?p=12110","title":{"rendered":"CUITL\u00c1HUAC ME LLENA DE ORGULLO: AMLO"},"content":{"rendered":"\n<p><strong>@pablojair<\/strong><\/p>\n\n\n\n<ul class=\"wp-block-list\"><li>T\u00edo Fide en Cuba.<\/li><li>La traici\u00f3n del Chiquito.<\/li><li>Fallida Cumbre Taj\u00edn virtual.<\/li><\/ul>\n\n\n\n<p>El t\u00edo Biden manda vacunas de Astra Zeneca.<br>&#8211;Chopenjawer<\/p>\n\n\n\n<p>En recientes d\u00edas se han manejado tremendas chaquetotas de que en cualquier momento Cuitl\u00e1huac se va del poder, que no tarda en pedir licencia, que se lo lleva Andr\u00e9s Manuel L\u00f3pez Obrador al gabinete federal, etc.<\/p>\n\n\n\n<p>No son versiones nuevas; tienen rato manej\u00e1ndose como si fuesen verdades confirmadas.<\/p>\n\n\n\n<p>Esta semana fue muy movida en cuanto a las formas de la pol\u00edtica en tiempos de la Cuarta Transformeishion: el 16 de marzo, hubo una fotograf\u00eda que subi\u00f3 el presidente Andr\u00e9s Manuel L\u00f3pez Obrador a sus redes sociales, donde aparece con el gobernador Cuitl\u00e1huac Garc\u00eda Jim\u00e9nez en Palacio Nacional.<\/p>\n\n\n\n<p>&#8220;Platiqu\u00e9 con el gobernador Cuitl\u00e1huac Garc\u00eda; tratamos varios asuntos y nos tomamos una foto teniendo como fondo los retratos de dos presidentes veracruzanos: Miguel Alem\u00e1n Vald\u00e9s y Adolfo Ruiz Cortines, que gobernaron M\u00e9xico de 1946 a 1958&#8221;, fue el texto que acompa\u00f1\u00f3 a la imagen.<\/p>\n\n\n\n<p>Esto fue apenas dos d\u00edas antes de la visita presidencial al sur de Veracruz.<\/p>\n\n\n\n<p>El evento de este jueves, en apariencia, no tendr\u00eda mayor relevancia, aunque la carta fuerte ser\u00e1 este viernes cuando ambos gobernantes visiten el muelle de la Laguna de Pajaritos, donde inaugurar\u00e1n la ampliaci\u00f3n con motivo del Corredor Interoce\u00e1nico del Istmo de Tehuantepec, que es una de las magnas obras del sexenio, pues conectar\u00eda en el futuro a los oc\u00e9anos Pac\u00edfico y Atl\u00e1ntico sin tener que llegar hasta el Canal de Panam\u00e1. Proyecto que dicen viene desde el sabio Humboldt.<\/p>\n\n\n\n<p>Este jueves por la tarde, el presidente anduvo por Las Choapas, al extremo sur de Veracruz, donde inaugur\u00f3 el cuartel general de la Guardia Nacional en este municipio, punto estrat\u00e9gico para el paso de contrabando de todo tipo: inmigrantes, ganado, armas y enervantes, por la escasa vigilancia en la extensa zona rural, donde han proliferado grupos de autodefensa.<\/p>\n\n\n\n<p>Lo de este jueves &#8211;la inauguraci\u00f3n del cuartel&#8211; fue para comenzar a calentar el ambiente en tierras jarochas, dando el respaldo pol\u00edtico al mandatario estatal.<\/p>\n\n\n\n<p>&#8220;Me da much\u00edsimo gusto estar aqu\u00ed acompa\u00f1ando al gobernador de este gran estado de veracruz. Me da mucho gusto que en nuestro estado tengamos un gobernador como Cuitl\u00e1huac Garcia. Me llena de orgullo porque Cuitl\u00e1huac entre otras virtudes y eso es lo que mas me satisface, es q es un hombre honesto y eso para m\u00ed es muy importante&#8221;, expres\u00f3 el mandatario estatal.<\/p>\n\n\n\n<p>En una semana, dos respaldos presidenciales.<\/p>\n\n\n\n<p>Dicen que por la noche, el gobernador andaba muy contento\u2026 y no era para menos.<\/p>\n\n\n\n<p>Teniendo en cuenta que los \u00faltimos dos gobernadores veracruzanos no eran muy precisamente queridos por los presidentes y a duras penas los tragaban, lo del respaldo presidencial tiene mucho significado, m\u00e1s all\u00e1 de las interpretaciones locales.<\/p>\n\n\n\n<p><strong>NOTA PARA PEGAR EN EL REFRI:<\/strong> Cuentan la an\u00e9cdota de que cuando iba el gobernador Fidel Herrera a Cuba a darse un rol en eventos internacionales, ma\u00f1osamente mandaba a un palero para que gritara entre la multitud: &#8220;\u00a1Ah\u00ed viene Fidel, ah\u00ed viene Fidel!&#8221;, por lo que de inmediato la multitud se levantaba, aplaud\u00eda y en medio pasaba el exmandatario estatal saludando como quincea\u00f1era, aunque nadie lo conociera\u2026 Ese era el T\u00edo Fide.<\/p>\n\n\n\n<p><strong>OTRA NOTA: <\/strong>Dicen los malquerientes en la zona Veracruz-Boca del R\u00edo que si la pel\u00edcula que van a filmar llamada &#8220;La Traici\u00f3n del Chiquito&#8221; ser\u00e1 una biograf\u00eda del mayorcito del clan Yunes M\u00e1rquez, por aquello de que los Yunes s\u00f3lo ven para sus intereses y rompen acuerdos cuando les conviene.<\/p>\n\n\n\n<p><strong>LA \u00daLTIMA PORQUE ES VIERNEEEEES: <\/strong>Luego de que nadie vio la Cumbre Taj\u00edn &#8220;virtual&#8221; (a lo mucho llegaron a tener 10 gentes conectadas en vivo), y que la Secretar\u00eda de Turismo ignor\u00f3 propuestas de artistas para crear un verdadero festival en tiempos de pandemia, la comunidad de Danzantes y M\u00fasicos del Totonacapan prefiri\u00f3 responder y hacer su cumbre alternativa llamada &#8220;Voces de Sanaci\u00f3n y Esperanza desde el Taj\u00edn. Del Totonacapan para el mundo&#8221;. Ser\u00e1 del 19 al 21 de marzo. Incluso el programa se ve m\u00e1s completo: b\u00fasquelo en el Feis.<\/p>\n","protected":false},"excerpt":{"rendered":"<p>@pablojair T\u00edo Fide en Cuba. La traici\u00f3n del Chiquito. Fallida Cumbre Taj\u00edn virtual. El t\u00edo Biden manda vacunas de Astra Zeneca.&#8211;Chopenjawer En recientes d\u00edas se han manejado tremendas chaquetotas de que en cualquier momento Cuitl\u00e1huac se va del poder, que no tarda en pedir licencia, que se lo lleva Andr\u00e9s Manuel L\u00f3pez Obrador al gabinete [&hellip;]<\/p>\n","protected":false},"author":1,"featured_media":488,"comment_status":"open","ping_status":"open","sticky":false,"template":"","format":"standard","meta":{"_jetpack_memberships_contains_paid_content":false,"footnotes":""},"categories":[11],"tags":[],"class_list":["post-12110","post","type-post","status-publish","format-standard","has-post-thumbnail","hentry","category-opinion"],"jetpack_featured_media_url":"https:\/\/encuentroinformativo.com.mx\/wp-content\/uploads\/2020\/03\/F471F608-BA1A-416B-BA7B-BCFB24F4E6D0.jpeg","jetpack_sharing_enabled":true,"jetpack_likes_enabled":true,"amp_enabled":true,"_links":{"self":[{"href":"https:\/\/encuentroinformativo.com.mx\/index.php?rest_route=\/wp\/v2\/posts\/12110","targetHints":{"allow":["GET"]}}],"collection":[{"href":"https:\/\/encuentroinformativo.com.mx\/index.php?rest_route=\/wp\/v2\/posts"}],"about":[{"href":"https:\/\/encuentroinformativo.com.mx\/index.php?rest_route=\/wp\/v2\/types\/post"}],"author":[{"embeddable":true,"href":"https:\/\/encuentroinformativo.com.mx\/index.php?rest_route=\/wp\/v2\/users\/1"}],"replies":[{"embeddable":true,"href":"https:\/\/encuentroinformativo.com.mx\/index.php?rest_route=%2Fwp%2Fv2%2Fcomments&post=12110"}],"version-history":[{"count":1,"href":"https:\/\/encuentroinformativo.com.mx\/index.php?rest_route=\/wp\/v2\/posts\/12110\/revisions"}],"predecessor-version":[{"id":12111,"href":"https:\/\/encuentroinformativo.com.mx\/index.php?rest_route=\/wp\/v2\/posts\/12110\/revisions\/12111"}],"wp:featuredmedia":[{"embeddable":true,"href":"https:\/\/encuentroinformativo.com.mx\/index.php?rest_route=\/wp\/v2\/media\/488"}],"wp:attachment":[{"href":"https:\/\/encuentroinformativo.com.mx\/index.php?rest_route=%2Fwp%2Fv2%2Fmedia&parent=12110"}],"wp:term":[{"taxonomy":"category","embeddable":true,"href":"https:\/\/encuentroinformativo.com.mx\/index.php?rest_route=%2Fwp%2Fv2%2Fcategories&post=12110"},{"taxonomy":"post_tag","embeddable":true,"href":"https:\/\/encuentroinformativo.com.mx\/index.php?rest_route=%2Fwp%2Fv2%2Ftags&post=12110"}],"curies":[{"name":"wp","href":"https:\/\/api.w.org\/{rel}","templated":true}]}}