{"id":12115,"date":"2021-03-19T13:37:25","date_gmt":"2021-03-19T19:37:25","guid":{"rendered":"https:\/\/encuentroinformativo.com.mx\/?p=12115"},"modified":"2021-03-19T13:37:28","modified_gmt":"2021-03-19T19:37:28","slug":"nuevas-reformas-generan-persecucion-politica-prd","status":"publish","type":"post","link":"https:\/\/encuentroinformativo.com.mx\/?p=12115","title":{"rendered":"Nuevas reformas generan persecuci\u00f3n pol\u00edtica: PRD"},"content":{"rendered":"\n<p><strong>Dar\u00edo Pale <\/strong><\/p>\n\n\n\n<p>Xalapa, Ver.- La diputada federal perredista Ver\u00f3nica Ju\u00e1rez Pi\u00f1a, dio a conocer que el pr\u00f3ximo martes solicitar\u00e1n juicio pol\u00edtico contra\u00a0el gobernador Cuitl\u00e1huac Garc\u00eda Jim\u00e9nez, la fiscal general del estado, Ver\u00f3nica Hern\u00e1ndez Giad\u00e1ns y la juez de control Alejandra Castellanos Priego, por la detenci\u00f3n ilegal de Rogelio \u201cN\u201d .<\/p>\n\n\n\n<p>En conferencia de prensa realizada en conocido hotel de Zaragoza, anunci\u00f3 y expres\u00f3 que lo hacen tambi\u00e9n porque se est\u00e1n violando los derechos humanos del exsecretario de Gobierno, pero\u00a0espera que el grupo mayoritario de Morena en San L\u00e1zaro sea congruente y avance dicha solicitud de juicio pol\u00edtico, &#8220;vamos a ver de qu\u00e9 est\u00e1 hecho Morena en la C\u00e1mara de Diputados&#8221;.<\/p>\n\n\n\n<p>Dio a conocer que la representaci\u00f3n de Morena ante el Organismo P\u00fablico Local Electoral (OPLE), solicit\u00f3 que se le retirara la candidatura porque tiene una denuncia por violencia intrafamiliar, sin embargo, afirm\u00f3 que la violencia intrafamiliar ha sido en contra de sus hijas por parte de su madre.<\/p>\n\n\n\n<p>En otro orden de ideas en lo que se refiere a la reforma al C\u00f3digo Penal, acus\u00f3 que se trata de una ley &#8220;persecutoria&#8221;, que atenta contra la libertad de expresi\u00f3n no solo de Rogelio \u201cN\u201d  sino de todos los veracruzanos.<\/p>\n\n\n\n<p>Se\u00f1al\u00f3 que al ex funcionario estatal se le pretende detener a pesar de contar con un amparo y al defenderse para que no lo detuvieran, le &#8220;fabrican&#8221; un delito para poderlo detener y lo acusan de ultrajes a la autoridad.<\/p>\n\n\n\n<p>&#8220;A m\u00ed me parece que lo que est\u00e1 sucediendo en el Estado es muy grave, porque evidentemente existe una persecuci\u00f3n pol\u00edtica y ahora hay un preso pol\u00edtico que es nuestro compa\u00f1ero Rogelio&#8221;, se\u00f1al\u00f3 en la conferencia de prensa.<\/p>\n\n\n\n<p>Acus\u00f3 que la ley se est\u00e1 aplicando de manera selectiva porque apenas este jueves fue puesto en libertad el representante de los concesionarios de los centros de verificaci\u00f3n a quien tambi\u00e9n se le acus\u00f3 de ultrajes a la autoridad.<\/p>\n\n\n\n<p>Por otro lado el dirigente estatal del PRD dio a conocer que est\u00e1n analizando con los otros partidos pol\u00edticos el interponer una demanda de inconstitucionalidad para que queden en efecto las reformas a la ley de ultrajes a la autoridad.<\/p>\n","protected":false},"excerpt":{"rendered":"<p>Dar\u00edo Pale Xalapa, Ver.- La diputada federal perredista Ver\u00f3nica Ju\u00e1rez Pi\u00f1a, dio a conocer que el pr\u00f3ximo martes solicitar\u00e1n juicio pol\u00edtico contra\u00a0el gobernador Cuitl\u00e1huac Garc\u00eda Jim\u00e9nez, la fiscal general del estado, Ver\u00f3nica Hern\u00e1ndez Giad\u00e1ns y la juez de control Alejandra Castellanos Priego, por la detenci\u00f3n ilegal de Rogelio \u201cN\u201d . En conferencia de prensa realizada [&hellip;]<\/p>\n","protected":false},"author":1,"featured_media":12116,"comment_status":"open","ping_status":"open","sticky":false,"template":"","format":"standard","meta":{"_jetpack_memberships_contains_paid_content":false,"footnotes":""},"categories":[2],"tags":[],"class_list":["post-12115","post","type-post","status-publish","format-standard","has-post-thumbnail","hentry","category-estado"],"jetpack_featured_media_url":"https:\/\/encuentroinformativo.com.mx\/wp-content\/uploads\/2021\/03\/5AA18874-6E45-4BE3-B7E1-EFFFD6DE42A8.jpeg","jetpack_sharing_enabled":true,"jetpack_likes_enabled":true,"amp_enabled":true,"_links":{"self":[{"href":"https:\/\/encuentroinformativo.com.mx\/index.php?rest_route=\/wp\/v2\/posts\/12115","targetHints":{"allow":["GET"]}}],"collection":[{"href":"https:\/\/encuentroinformativo.com.mx\/index.php?rest_route=\/wp\/v2\/posts"}],"about":[{"href":"https:\/\/encuentroinformativo.com.mx\/index.php?rest_route=\/wp\/v2\/types\/post"}],"author":[{"embeddable":true,"href":"https:\/\/encuentroinformativo.com.mx\/index.php?rest_route=\/wp\/v2\/users\/1"}],"replies":[{"embeddable":true,"href":"https:\/\/encuentroinformativo.com.mx\/index.php?rest_route=%2Fwp%2Fv2%2Fcomments&post=12115"}],"version-history":[{"count":1,"href":"https:\/\/encuentroinformativo.com.mx\/index.php?rest_route=\/wp\/v2\/posts\/12115\/revisions"}],"predecessor-version":[{"id":12117,"href":"https:\/\/encuentroinformativo.com.mx\/index.php?rest_route=\/wp\/v2\/posts\/12115\/revisions\/12117"}],"wp:featuredmedia":[{"embeddable":true,"href":"https:\/\/encuentroinformativo.com.mx\/index.php?rest_route=\/wp\/v2\/media\/12116"}],"wp:attachment":[{"href":"https:\/\/encuentroinformativo.com.mx\/index.php?rest_route=%2Fwp%2Fv2%2Fmedia&parent=12115"}],"wp:term":[{"taxonomy":"category","embeddable":true,"href":"https:\/\/encuentroinformativo.com.mx\/index.php?rest_route=%2Fwp%2Fv2%2Fcategories&post=12115"},{"taxonomy":"post_tag","embeddable":true,"href":"https:\/\/encuentroinformativo.com.mx\/index.php?rest_route=%2Fwp%2Fv2%2Ftags&post=12115"}],"curies":[{"name":"wp","href":"https:\/\/api.w.org\/{rel}","templated":true}]}}