{"id":12121,"date":"2021-03-19T13:47:37","date_gmt":"2021-03-19T19:47:37","guid":{"rendered":"https:\/\/encuentroinformativo.com.mx\/?p=12121"},"modified":"2021-03-19T13:47:47","modified_gmt":"2021-03-19T19:47:47","slug":"envenenan-y-muere-cocodrilo-en-tuxpan","status":"publish","type":"post","link":"https:\/\/encuentroinformativo.com.mx\/?p=12121","title":{"rendered":"Envenenan y muere cocodrilo en Tuxpan"},"content":{"rendered":"\n<p><strong>Alejandro \u00c1vila<\/strong><\/p>\n\n\n\n<p>Tuxpan, Ver.- La tarde de este jueves a las orillas de la laguna ubicada en el Infonavit Vista Hermosa, vecinos encontraron los restos de un cocodrilo de aproximadamente dos metros de longitud, mismo que se presume fue envenenado.<\/p>\n\n\n\n<p>Los denunciantes se\u00f1alaron que el reptil pudo haber sido envenenado, pues desde hace semana se han encontrado perros y gatos muertos por esta situaci\u00f3n.<\/p>\n\n\n\n<p>El cocodrilo fue asegurado por elementos de la direcci\u00f3n de Ecolog\u00eda del Ayuntamiento de Tuxpan, aunque se desconoce si estos realizar\u00e1n alg\u00fan tipo de estudio para determinar las causas que originaron su muerte.<\/p>\n\n\n\n<p>Se logr\u00f3 conocer que los trabajadores de la direcci\u00f3n no dieron aviso a las instancias federales correspondientes como, PROFEPA y SEMARNAT, ya que esta especie est\u00e1 protegida por la norma NOM059 de la SEMARNAT.<\/p>\n\n\n\n<p>Hasta el momento, a\u00fan no han dado a conocer en el Ayuntamiento de Tuxpan, si se dio aviso a la Fiscal\u00eda Especializada para la Atenci\u00f3n de Delitos Ambientales y Contra los Animales para que se inicie una carpeta de investigaci\u00f3n.<\/p>\n","protected":false},"excerpt":{"rendered":"<p>Alejandro \u00c1vila Tuxpan, Ver.- La tarde de este jueves a las orillas de la laguna ubicada en el Infonavit Vista Hermosa, vecinos encontraron los restos de un cocodrilo de aproximadamente dos metros de longitud, mismo que se presume fue envenenado. Los denunciantes se\u00f1alaron que el reptil pudo haber sido envenenado, pues desde hace semana se [&hellip;]<\/p>\n","protected":false},"author":1,"featured_media":12122,"comment_status":"open","ping_status":"open","sticky":false,"template":"","format":"standard","meta":{"_jetpack_memberships_contains_paid_content":false,"footnotes":""},"categories":[2],"tags":[],"class_list":["post-12121","post","type-post","status-publish","format-standard","has-post-thumbnail","hentry","category-estado"],"jetpack_featured_media_url":"https:\/\/encuentroinformativo.com.mx\/wp-content\/uploads\/2021\/03\/94B85325-A94F-4403-8A78-095E22A5C19D.jpeg","jetpack_sharing_enabled":true,"jetpack_likes_enabled":true,"amp_enabled":true,"_links":{"self":[{"href":"https:\/\/encuentroinformativo.com.mx\/index.php?rest_route=\/wp\/v2\/posts\/12121","targetHints":{"allow":["GET"]}}],"collection":[{"href":"https:\/\/encuentroinformativo.com.mx\/index.php?rest_route=\/wp\/v2\/posts"}],"about":[{"href":"https:\/\/encuentroinformativo.com.mx\/index.php?rest_route=\/wp\/v2\/types\/post"}],"author":[{"embeddable":true,"href":"https:\/\/encuentroinformativo.com.mx\/index.php?rest_route=\/wp\/v2\/users\/1"}],"replies":[{"embeddable":true,"href":"https:\/\/encuentroinformativo.com.mx\/index.php?rest_route=%2Fwp%2Fv2%2Fcomments&post=12121"}],"version-history":[{"count":1,"href":"https:\/\/encuentroinformativo.com.mx\/index.php?rest_route=\/wp\/v2\/posts\/12121\/revisions"}],"predecessor-version":[{"id":12123,"href":"https:\/\/encuentroinformativo.com.mx\/index.php?rest_route=\/wp\/v2\/posts\/12121\/revisions\/12123"}],"wp:featuredmedia":[{"embeddable":true,"href":"https:\/\/encuentroinformativo.com.mx\/index.php?rest_route=\/wp\/v2\/media\/12122"}],"wp:attachment":[{"href":"https:\/\/encuentroinformativo.com.mx\/index.php?rest_route=%2Fwp%2Fv2%2Fmedia&parent=12121"}],"wp:term":[{"taxonomy":"category","embeddable":true,"href":"https:\/\/encuentroinformativo.com.mx\/index.php?rest_route=%2Fwp%2Fv2%2Fcategories&post=12121"},{"taxonomy":"post_tag","embeddable":true,"href":"https:\/\/encuentroinformativo.com.mx\/index.php?rest_route=%2Fwp%2Fv2%2Ftags&post=12121"}],"curies":[{"name":"wp","href":"https:\/\/api.w.org\/{rel}","templated":true}]}}