{"id":12128,"date":"2021-03-19T13:54:11","date_gmt":"2021-03-19T19:54:11","guid":{"rendered":"https:\/\/encuentroinformativo.com.mx\/?p=12128"},"modified":"2021-03-19T13:55:39","modified_gmt":"2021-03-19T19:55:39","slug":"cadetes-nauticos-denuncian-a-empresa-de-banquetes","status":"publish","type":"post","link":"https:\/\/encuentroinformativo.com.mx\/?p=12128","title":{"rendered":"Cadetes n\u00e1uticos denuncian a empresa de banquetes"},"content":{"rendered":"\n<p><strong>Alejandro \u00c1vila<\/strong><\/p>\n\n\n\n<p>Veracruz, Ver.- Nuevamente la empresa banquetera D&#8217;Gala ha sido denunciada, en esta ocasi\u00f3n por los alumnos de la Escuela N\u00e1utica Mercante de Veracruz &#8220;Fernando Siliceo&#8221;.<\/p>\n\n\n\n<p>Los voceros de los afectados se\u00f1alan que dicha empresa de banquetes, debido a la pandemia, no les realiz\u00f3 el evento de graduaci\u00f3n acordado; adem\u00e1s, se niega a rembolsar o negociar lo que le fue pagado, cerca de un mill\u00f3n de pesos, motivo por el cual tomaron acciones legales ante la Fiscal\u00eda de General del Estado.<\/p>\n\n\n\n<p>En total son 77 j\u00f3venes de la generaci\u00f3n 2016-2020 los que contrataron el paquete de graduaci\u00f3n, todos ellos cumplieron con su pago total, pero la empresa nunca croncret\u00f3 los eventos excusandose por la contingencia sanitaria.<\/p>\n\n\n\n<p>El motivo de que la denuncia fuera hecha hasta esta fecha, se debe a que muchos de ellos ya est\u00e1 realizando practicas o trabajando en nav\u00edos de la rep\u00fablica mexicana o de otros pa\u00edses, por lo que 30 de sus compa\u00f1eros decidieron hacer p\u00fablica la situaci\u00f3n y denunciar legalmente el fraude.<\/p>\n\n\n\n<p>Esta situaci\u00f3n ya hab\u00eda sido denunciada con anterioridad ante la PROFECO, se\u00f1alaron, pero la dependencia federal hizo caso omiso de su queja.<\/p>\n\n\n\n<p>&#8220;Se han mostrado siempre de manera prepotente y nos niegan incluso atendernos, nos dicen h\u00e1ganlo como quieran&#8221;, acusan los afectados sobre la empresa.<\/p>\n\n\n\n<p>&#8220;Sabemos que nos somos el \u00fanico caso, que le hicieron lo mismo a los alumnos de Bachilleres y debe de haber m\u00e1s, porque su trato es p\u00e9simo&#8221;.<\/p>\n","protected":false},"excerpt":{"rendered":"<p>Alejandro \u00c1vila Veracruz, Ver.- Nuevamente la empresa banquetera D&#8217;Gala ha sido denunciada, en esta ocasi\u00f3n por los alumnos de la Escuela N\u00e1utica Mercante de Veracruz &#8220;Fernando Siliceo&#8221;. Los voceros de los afectados se\u00f1alan que dicha empresa de banquetes, debido a la pandemia, no les realiz\u00f3 el evento de graduaci\u00f3n acordado; adem\u00e1s, se niega a rembolsar [&hellip;]<\/p>\n","protected":false},"author":1,"featured_media":12130,"comment_status":"open","ping_status":"open","sticky":false,"template":"","format":"standard","meta":{"_jetpack_memberships_contains_paid_content":false,"footnotes":""},"categories":[2],"tags":[],"class_list":["post-12128","post","type-post","status-publish","format-standard","has-post-thumbnail","hentry","category-estado"],"jetpack_featured_media_url":"https:\/\/encuentroinformativo.com.mx\/wp-content\/uploads\/2021\/03\/DF667258-D765-405A-A604-B13665617A38.jpeg","jetpack_sharing_enabled":true,"jetpack_likes_enabled":true,"amp_enabled":true,"_links":{"self":[{"href":"https:\/\/encuentroinformativo.com.mx\/index.php?rest_route=\/wp\/v2\/posts\/12128","targetHints":{"allow":["GET"]}}],"collection":[{"href":"https:\/\/encuentroinformativo.com.mx\/index.php?rest_route=\/wp\/v2\/posts"}],"about":[{"href":"https:\/\/encuentroinformativo.com.mx\/index.php?rest_route=\/wp\/v2\/types\/post"}],"author":[{"embeddable":true,"href":"https:\/\/encuentroinformativo.com.mx\/index.php?rest_route=\/wp\/v2\/users\/1"}],"replies":[{"embeddable":true,"href":"https:\/\/encuentroinformativo.com.mx\/index.php?rest_route=%2Fwp%2Fv2%2Fcomments&post=12128"}],"version-history":[{"count":1,"href":"https:\/\/encuentroinformativo.com.mx\/index.php?rest_route=\/wp\/v2\/posts\/12128\/revisions"}],"predecessor-version":[{"id":12129,"href":"https:\/\/encuentroinformativo.com.mx\/index.php?rest_route=\/wp\/v2\/posts\/12128\/revisions\/12129"}],"wp:featuredmedia":[{"embeddable":true,"href":"https:\/\/encuentroinformativo.com.mx\/index.php?rest_route=\/wp\/v2\/media\/12130"}],"wp:attachment":[{"href":"https:\/\/encuentroinformativo.com.mx\/index.php?rest_route=%2Fwp%2Fv2%2Fmedia&parent=12128"}],"wp:term":[{"taxonomy":"category","embeddable":true,"href":"https:\/\/encuentroinformativo.com.mx\/index.php?rest_route=%2Fwp%2Fv2%2Fcategories&post=12128"},{"taxonomy":"post_tag","embeddable":true,"href":"https:\/\/encuentroinformativo.com.mx\/index.php?rest_route=%2Fwp%2Fv2%2Ftags&post=12128"}],"curies":[{"name":"wp","href":"https:\/\/api.w.org\/{rel}","templated":true}]}}