{"id":12134,"date":"2021-03-19T14:10:27","date_gmt":"2021-03-19T20:10:27","guid":{"rendered":"https:\/\/encuentroinformativo.com.mx\/?p=12134"},"modified":"2021-03-19T14:10:30","modified_gmt":"2021-03-19T20:10:30","slug":"perredistas-no-firmaran-acuerdo-por-veracruz","status":"publish","type":"post","link":"https:\/\/encuentroinformativo.com.mx\/?p=12134","title":{"rendered":"Perredistas no firmar\u00e1n Acuerdo por Veracruz"},"content":{"rendered":"\n<p><strong>Dar\u00edo Pale<\/strong> <\/p>\n\n\n\n<p>Xalapa, Ver.- El\u00a0dirigente estatal del Partido de la Revoluci\u00f3n Democr\u00e1tica (PRD), Sergio Cadena Mart\u00ednez expres\u00f3 que no tienen en la &#8220;agenda&#8221; este asunto, lo est\u00e1n valorando pero por lo pronto el partido\u00a0no acudir\u00e1 al Acuerdo Veracruz por la Democracia en tanto Franco siga en prisi\u00f3n.<\/p>\n\n\n\n<p>En conferencia de prensa realizada en conocido hotel de Zaragoza, dio a conocer que si hay libertad inmediata de Rogelio \u201cN\u201d, el PRD acudir\u00e1 al llamado para la firma del Acuerdo Veracruz por la Democracia 2021 que llam\u00f3 el gobierno de Veracruz.<\/p>\n\n\n\n<p>La diputada federal Ver\u00f3nica Ju\u00e1rez Pi\u00f1a quien defini\u00f3 que no pueden acudir a la firma de dicho acuerdo si tienen la &#8220;bota en el cuello&#8221; y el Gobierno encarcela a sus compa\u00f1eros.<\/p>\n\n\n\n<p>&#8220;En el caso particular de Veracruz no podemos ir a un acuerdo si tenemos la bota en el cuello, entonces se deben dar las condiciones para que haya un acuerdo, no podemos ir a un acuerdo mientras nos persigan o encarcelan a nuestros compa\u00f1eros&#8221;, se\u00f1al\u00f3.<\/p>\n\n\n\n<p>Por su parte, el secretario de Organizaci\u00f3n y Planeaci\u00f3n Estrat\u00e9gica de la direcci\u00f3n nacional ejecutiva del Sol Azteca, Camerino Eleazar M\u00e1rquez Madrid, refiri\u00f3 que la ley electoral establece las reglas de procesos de campa\u00f1a, intercampa\u00f1as de manera que es la autoridad electoral y no el gobierno quien interviene en los procesos electorales.<\/p>\n\n\n\n<p>&#8220;Necesitamos demandarle al gobierno de Cuitl\u00e1huac Garc\u00eda baje respete los derechos pol\u00edticos-electorales, que saque las manos del proceso electoral, de lo contrario tambi\u00e9n tendremos que investigar si est\u00e1 obstruyendo el desarrollo democr\u00e1tico&#8221;, finaliz\u00f3.<\/p>\n","protected":false},"excerpt":{"rendered":"<p>Dar\u00edo Pale Xalapa, Ver.- El\u00a0dirigente estatal del Partido de la Revoluci\u00f3n Democr\u00e1tica (PRD), Sergio Cadena Mart\u00ednez expres\u00f3 que no tienen en la &#8220;agenda&#8221; este asunto, lo est\u00e1n valorando pero por lo pronto el partido\u00a0no acudir\u00e1 al Acuerdo Veracruz por la Democracia en tanto Franco siga en prisi\u00f3n. En conferencia de prensa realizada en conocido hotel [&hellip;]<\/p>\n","protected":false},"author":1,"featured_media":88,"comment_status":"open","ping_status":"open","sticky":false,"template":"","format":"standard","meta":{"_jetpack_memberships_contains_paid_content":false,"footnotes":""},"categories":[2],"tags":[],"class_list":["post-12134","post","type-post","status-publish","format-standard","has-post-thumbnail","hentry","category-estado"],"jetpack_featured_media_url":"https:\/\/encuentroinformativo.com.mx\/wp-content\/uploads\/2020\/02\/palacio.jpg","jetpack_sharing_enabled":true,"jetpack_likes_enabled":true,"amp_enabled":true,"_links":{"self":[{"href":"https:\/\/encuentroinformativo.com.mx\/index.php?rest_route=\/wp\/v2\/posts\/12134","targetHints":{"allow":["GET"]}}],"collection":[{"href":"https:\/\/encuentroinformativo.com.mx\/index.php?rest_route=\/wp\/v2\/posts"}],"about":[{"href":"https:\/\/encuentroinformativo.com.mx\/index.php?rest_route=\/wp\/v2\/types\/post"}],"author":[{"embeddable":true,"href":"https:\/\/encuentroinformativo.com.mx\/index.php?rest_route=\/wp\/v2\/users\/1"}],"replies":[{"embeddable":true,"href":"https:\/\/encuentroinformativo.com.mx\/index.php?rest_route=%2Fwp%2Fv2%2Fcomments&post=12134"}],"version-history":[{"count":1,"href":"https:\/\/encuentroinformativo.com.mx\/index.php?rest_route=\/wp\/v2\/posts\/12134\/revisions"}],"predecessor-version":[{"id":12135,"href":"https:\/\/encuentroinformativo.com.mx\/index.php?rest_route=\/wp\/v2\/posts\/12134\/revisions\/12135"}],"wp:featuredmedia":[{"embeddable":true,"href":"https:\/\/encuentroinformativo.com.mx\/index.php?rest_route=\/wp\/v2\/media\/88"}],"wp:attachment":[{"href":"https:\/\/encuentroinformativo.com.mx\/index.php?rest_route=%2Fwp%2Fv2%2Fmedia&parent=12134"}],"wp:term":[{"taxonomy":"category","embeddable":true,"href":"https:\/\/encuentroinformativo.com.mx\/index.php?rest_route=%2Fwp%2Fv2%2Fcategories&post=12134"},{"taxonomy":"post_tag","embeddable":true,"href":"https:\/\/encuentroinformativo.com.mx\/index.php?rest_route=%2Fwp%2Fv2%2Ftags&post=12134"}],"curies":[{"name":"wp","href":"https:\/\/api.w.org\/{rel}","templated":true}]}}