{"id":12139,"date":"2021-03-19T15:32:21","date_gmt":"2021-03-19T21:32:21","guid":{"rendered":"https:\/\/encuentroinformativo.com.mx\/?p=12139"},"modified":"2021-03-19T15:32:25","modified_gmt":"2021-03-19T21:32:25","slug":"aprueba-congreso-juicio-politico-contra-ex-presidenta-de-poder-judicial","status":"publish","type":"post","link":"https:\/\/encuentroinformativo.com.mx\/?p=12139","title":{"rendered":"Aprueba Congreso juicio pol\u00edtico contra ex presidenta de Poder Judicial"},"content":{"rendered":"\n<p>Xalapa, Ver.- El Pleno de la LXV Legislatura en Veracruz por primera vez en la historia del Congreso, en sesi\u00f3n extraordinaria, con car\u00e1cter de privada y con 35\u00a0votos a favor,\u00a0aprob\u00f3 el dictamen, por el cual se determina que la magistrada Sof\u00eda Mart\u00ednez Huerta, siendo presidenta del Tribunal Superior de Justicia y del Consejo de la Judicatura, del Poder Judicial del Estado de Veracruz, afect\u00f3 los intereses p\u00fablicos fundamentales y, por consiguiente, a su correcto despacho.<\/p>\n\n\n\n<p>Al t\u00e9rmino de la sesi\u00f3n, el presidente de la Comisi\u00f3n Permanente Instructora, diputado V\u00edctor Emmanuel Vargas Barrientos, inform\u00f3 sobre esta decisi\u00f3n del Pleno y argument\u00f3 que ello es resultado de un trabajo transparente y con estricto apego a lo se\u00f1alado en la Ley de Juicio Pol\u00edtico y Declaraci\u00f3n de Procedencia para el Estado de Veracruz de Ignacio de la Llave.<\/p>\n\n\n\n<p>Al precisar que el Congreso de Veracruz act\u00faa en estricto apego a derecho, dio cuenta de la rectitud y transparencia en todas las etapas del proceso iniciado en las comisiones permanentes unidas de Gobernaci\u00f3n y de Justicia y Puntos Constitucionales, en observancia permanente de la ley y respeto de las instancias y los tiempos legalmente establecidos.<\/p>\n\n\n\n<p>Indic\u00f3 que el dictamen es resultado de la denuncia de juicio pol\u00edtico presentada por el juez Jos\u00e9 Clemente Zorrilla, quien, en noviembre del a\u00f1o pasado, fue removido del juzgado a su cargo por la magistrada, siendo que esta decisi\u00f3n es exclusiva del Consejo de la Judicatura y no de una persona en particular; motivo por el que se determina que podr\u00eda existir usurpaci\u00f3n de funciones en el Poder Judicial.<\/p>\n\n\n\n<p>Adem\u00e1s de los 35&nbsp;votos a favor, este resolutivo registr\u00f3&nbsp;9votos en contra,&nbsp;sin&nbsp;abstenciones. Tras ser aprobado por esta Soberan\u00eda, se instruy\u00f3 remitir al Tribunal Superior de Justicia el expediente que contiene la acusaci\u00f3n y las constancias del procedimiento, a fin que los magistrados integrantes de la Sala Constitucional notifiquen a la denunciada para que formule los alegatos a su favor y ser\u00e1 la Comisi\u00f3n Instructora la que ratifique dicha acusaci\u00f3n.<\/p>\n\n\n\n<p>Posteriormente, conforme a lo dispuesto en los art\u00edculos 27 al 32 de la Ley de Juicio Pol\u00edtico y Declaraci\u00f3n de Procedencia y siguiendo la secuela procesal, podr\u00eda negarse la declaraci\u00f3n de inhabilitaci\u00f3n o destituci\u00f3n, si la resoluci\u00f3n del Jurado de Sentencia es absolutoria o si no se obtiene la mayor\u00eda calificada que exige este ordenamiento.<\/p>\n\n\n\n<p>Por otra parte, si la resoluci\u00f3n resulta condenatoria, se sancionar\u00e1 a la servidora p\u00fablica, si est\u00e1 en funciones, con la destituci\u00f3n del cargo y la inhabilitaci\u00f3n para desempe\u00f1ar cualquier empleo, cargo o comisi\u00f3n p\u00fablicos por un per\u00edodo de uno hasta diez a\u00f1os, atendiendo a la gravedad de la infracci\u00f3n. Si no est\u00e1 en funciones, se decretar\u00e1 su inhabilitaci\u00f3n en los t\u00e9rminos indicados.<\/p>\n","protected":false},"excerpt":{"rendered":"<p>Xalapa, Ver.- El Pleno de la LXV Legislatura en Veracruz por primera vez en la historia del Congreso, en sesi\u00f3n extraordinaria, con car\u00e1cter de privada y con 35\u00a0votos a favor,\u00a0aprob\u00f3 el dictamen, por el cual se determina que la magistrada Sof\u00eda Mart\u00ednez Huerta, siendo presidenta del Tribunal Superior de Justicia y del Consejo de la [&hellip;]<\/p>\n","protected":false},"author":1,"featured_media":4960,"comment_status":"open","ping_status":"open","sticky":false,"template":"","format":"standard","meta":{"_jetpack_memberships_contains_paid_content":false,"footnotes":""},"categories":[2],"tags":[],"class_list":["post-12139","post","type-post","status-publish","format-standard","has-post-thumbnail","hentry","category-estado"],"jetpack_featured_media_url":"https:\/\/encuentroinformativo.com.mx\/wp-content\/uploads\/2020\/08\/1410.jpeg","jetpack_sharing_enabled":true,"jetpack_likes_enabled":true,"amp_enabled":true,"_links":{"self":[{"href":"https:\/\/encuentroinformativo.com.mx\/index.php?rest_route=\/wp\/v2\/posts\/12139","targetHints":{"allow":["GET"]}}],"collection":[{"href":"https:\/\/encuentroinformativo.com.mx\/index.php?rest_route=\/wp\/v2\/posts"}],"about":[{"href":"https:\/\/encuentroinformativo.com.mx\/index.php?rest_route=\/wp\/v2\/types\/post"}],"author":[{"embeddable":true,"href":"https:\/\/encuentroinformativo.com.mx\/index.php?rest_route=\/wp\/v2\/users\/1"}],"replies":[{"embeddable":true,"href":"https:\/\/encuentroinformativo.com.mx\/index.php?rest_route=%2Fwp%2Fv2%2Fcomments&post=12139"}],"version-history":[{"count":1,"href":"https:\/\/encuentroinformativo.com.mx\/index.php?rest_route=\/wp\/v2\/posts\/12139\/revisions"}],"predecessor-version":[{"id":12140,"href":"https:\/\/encuentroinformativo.com.mx\/index.php?rest_route=\/wp\/v2\/posts\/12139\/revisions\/12140"}],"wp:featuredmedia":[{"embeddable":true,"href":"https:\/\/encuentroinformativo.com.mx\/index.php?rest_route=\/wp\/v2\/media\/4960"}],"wp:attachment":[{"href":"https:\/\/encuentroinformativo.com.mx\/index.php?rest_route=%2Fwp%2Fv2%2Fmedia&parent=12139"}],"wp:term":[{"taxonomy":"category","embeddable":true,"href":"https:\/\/encuentroinformativo.com.mx\/index.php?rest_route=%2Fwp%2Fv2%2Fcategories&post=12139"},{"taxonomy":"post_tag","embeddable":true,"href":"https:\/\/encuentroinformativo.com.mx\/index.php?rest_route=%2Fwp%2Fv2%2Ftags&post=12139"}],"curies":[{"name":"wp","href":"https:\/\/api.w.org\/{rel}","templated":true}]}}