{"id":12141,"date":"2021-03-19T16:56:32","date_gmt":"2021-03-19T22:56:32","guid":{"rendered":"https:\/\/encuentroinformativo.com.mx\/?p=12141"},"modified":"2021-03-19T16:56:35","modified_gmt":"2021-03-19T22:56:35","slug":"localizan-hombre-sin-vida-en-la-orduna","status":"publish","type":"post","link":"https:\/\/encuentroinformativo.com.mx\/?p=12141","title":{"rendered":"Localizan hombre sin vida en La Ordu\u00f1a"},"content":{"rendered":"\n<p><strong>Juan Arcos <\/strong><\/p>\n\n\n\n<p>Coatepec, Ver.- Un hombre fue encontrado sin vida en la congregaci\u00f3n La Ordu\u00f1a, municipio de Coatepec, en las inmediaciones de la f\u00e1brica de l\u00e1cteos de la empresa Nestl\u00e9.<\/p>\n\n\n\n<p>Se trata de un joven, de unos 30 a\u00f1os, que fue localizado en un terreno privado por campesinos que se dirig\u00edan a su lugar de trabajo.<\/p>\n\n\n\n<p>Esto ocurri\u00f3 alrededor de las 7:00 horas de este viernes 19 de marzo, a diez kil\u00f3metros de Xalapa, la capital del estado.<\/p>\n\n\n\n<p>Los trabajadores del campo llamaron a los n\u00fameros de emergencia para solicitar la presencia de los polic\u00edas y personal de la Direcci\u00f3n General de Servicios Periciales, para el levantamiento del cuerpo.<\/p>\n\n\n\n<p>La zona fue acordonada por elementos de la Secretar\u00eda de Seguridad P\u00fablica (SSP), para que los peritos de la Fiscal\u00eda General del Estado (FGE), a cargo de Ver\u00f3nica Hern\u00e1ndez Giad\u00e1ns, retiraran el cad\u00e1ver.<\/p>\n\n\n\n<p>El cuerpo del hombre permanece en calidad de desconocido en el Servicio M\u00e9dico Forense (Semefo).<\/p>\n\n\n\n<p>Cabe recordar que, la noche del 15 de noviembre de 2018, fueron encontradas bolsas negras con el cad\u00e1ver de dos personas que presentaban signos de violencia en la localidad La Ordu\u00f1a, a un costado del libramiento de Coatepec.<\/p>\n\n\n\n<p>De acuerdo con los vecinos de La Ordu\u00f1a, en aquella ocasi\u00f3n, los restos se encontraban junto a varias prendas de ropa.<\/p>\n","protected":false},"excerpt":{"rendered":"<p>Juan Arcos Coatepec, Ver.- Un hombre fue encontrado sin vida en la congregaci\u00f3n La Ordu\u00f1a, municipio de Coatepec, en las inmediaciones de la f\u00e1brica de l\u00e1cteos de la empresa Nestl\u00e9. Se trata de un joven, de unos 30 a\u00f1os, que fue localizado en un terreno privado por campesinos que se dirig\u00edan a su lugar de [&hellip;]<\/p>\n","protected":false},"author":1,"featured_media":12142,"comment_status":"open","ping_status":"open","sticky":false,"template":"","format":"standard","meta":{"_jetpack_memberships_contains_paid_content":false,"footnotes":""},"categories":[14],"tags":[],"class_list":["post-12141","post","type-post","status-publish","format-standard","has-post-thumbnail","hentry","category-policiaca"],"jetpack_featured_media_url":"https:\/\/encuentroinformativo.com.mx\/wp-content\/uploads\/2021\/03\/52D1B4AC-E19A-4E79-BD1C-AFB4280CC30E.jpeg","jetpack_sharing_enabled":true,"jetpack_likes_enabled":true,"amp_enabled":true,"_links":{"self":[{"href":"https:\/\/encuentroinformativo.com.mx\/index.php?rest_route=\/wp\/v2\/posts\/12141","targetHints":{"allow":["GET"]}}],"collection":[{"href":"https:\/\/encuentroinformativo.com.mx\/index.php?rest_route=\/wp\/v2\/posts"}],"about":[{"href":"https:\/\/encuentroinformativo.com.mx\/index.php?rest_route=\/wp\/v2\/types\/post"}],"author":[{"embeddable":true,"href":"https:\/\/encuentroinformativo.com.mx\/index.php?rest_route=\/wp\/v2\/users\/1"}],"replies":[{"embeddable":true,"href":"https:\/\/encuentroinformativo.com.mx\/index.php?rest_route=%2Fwp%2Fv2%2Fcomments&post=12141"}],"version-history":[{"count":1,"href":"https:\/\/encuentroinformativo.com.mx\/index.php?rest_route=\/wp\/v2\/posts\/12141\/revisions"}],"predecessor-version":[{"id":12143,"href":"https:\/\/encuentroinformativo.com.mx\/index.php?rest_route=\/wp\/v2\/posts\/12141\/revisions\/12143"}],"wp:featuredmedia":[{"embeddable":true,"href":"https:\/\/encuentroinformativo.com.mx\/index.php?rest_route=\/wp\/v2\/media\/12142"}],"wp:attachment":[{"href":"https:\/\/encuentroinformativo.com.mx\/index.php?rest_route=%2Fwp%2Fv2%2Fmedia&parent=12141"}],"wp:term":[{"taxonomy":"category","embeddable":true,"href":"https:\/\/encuentroinformativo.com.mx\/index.php?rest_route=%2Fwp%2Fv2%2Fcategories&post=12141"},{"taxonomy":"post_tag","embeddable":true,"href":"https:\/\/encuentroinformativo.com.mx\/index.php?rest_route=%2Fwp%2Fv2%2Ftags&post=12141"}],"curies":[{"name":"wp","href":"https:\/\/api.w.org\/{rel}","templated":true}]}}