{"id":12144,"date":"2021-03-19T21:35:05","date_gmt":"2021-03-20T03:35:05","guid":{"rendered":"https:\/\/encuentroinformativo.com.mx\/?p=12144"},"modified":"2021-03-19T21:35:08","modified_gmt":"2021-03-20T03:35:08","slug":"con-bloqueos-sonideros-demandan-permisos-para-trabajar","status":"publish","type":"post","link":"https:\/\/encuentroinformativo.com.mx\/?p=12144","title":{"rendered":"Con bloqueos, sonideros demandan permisos para trabajar"},"content":{"rendered":"\n<p><strong>Juan Arcos <\/strong><\/p>\n\n\n\n<p>Xalapa, Ver.- Decenas de sonideros protestaron con m\u00fasica, luz y sonido en el Centro Hist\u00f3rico d\u00e9 Xalapa, para exigir al gobierno estatal que les permita trabajar con las medidas sanitarias para evitar contagios de SARS-COV-2 (COVID-19).<\/p>\n\n\n\n<p>Los quejosos bloquearon dos carriles de la calle Juan de la Luz Enr\u00edquez, dejando solo un carril para la circulaci\u00f3n vehicular, lo que gener\u00f3 un congestionamiento vial en la zona.<\/p>\n\n\n\n<p>Las personas se han visto afectadas econ\u00f3micamente por la suspensi\u00f3n de fiestas y eventos sociales, durante la emergencia sanitaria.<\/p>\n\n\n\n<p>El pasado mi\u00e9rcoles 17 de marzo, los integrantes de la uni\u00f3n empresarial en el ramo del espect\u00e1culo, eventos y entretenimiento, denominada \u201cFestejos Veracruzanos\u201d, marcharon en la capital del estado por el mismo motivo.<\/p>\n\n\n\n<p>Al no obtener una respuesta favorable por parte de las autoridades, este viernes salieron nuevamente a las calles del centro de la ciudad.<\/p>\n\n\n\n<p>Los quejosos bailaron y sacaron sus mejores pasos, al ritmo de la cumbia, sobre la arteria vehicular mencionada de esta ciudad capital, ante la presencia de integrantes del Movimiento de los 400 Pueblos sobre Plaza Sebasti\u00e1n Lerdo de Tejada.<\/p>\n","protected":false},"excerpt":{"rendered":"<p>Juan Arcos Xalapa, Ver.- Decenas de sonideros protestaron con m\u00fasica, luz y sonido en el Centro Hist\u00f3rico d\u00e9 Xalapa, para exigir al gobierno estatal que les permita trabajar con las medidas sanitarias para evitar contagios de SARS-COV-2 (COVID-19). Los quejosos bloquearon dos carriles de la calle Juan de la Luz Enr\u00edquez, dejando solo un carril [&hellip;]<\/p>\n","protected":false},"author":1,"featured_media":12145,"comment_status":"open","ping_status":"open","sticky":false,"template":"","format":"standard","meta":{"_jetpack_memberships_contains_paid_content":false,"footnotes":""},"categories":[3],"tags":[],"class_list":["post-12144","post","type-post","status-publish","format-standard","has-post-thumbnail","hentry","category-xalapa"],"jetpack_featured_media_url":"https:\/\/encuentroinformativo.com.mx\/wp-content\/uploads\/2021\/03\/5CB39B4F-4833-492B-9CC9-4797F40F0496.jpeg","jetpack_sharing_enabled":true,"jetpack_likes_enabled":true,"amp_enabled":true,"_links":{"self":[{"href":"https:\/\/encuentroinformativo.com.mx\/index.php?rest_route=\/wp\/v2\/posts\/12144","targetHints":{"allow":["GET"]}}],"collection":[{"href":"https:\/\/encuentroinformativo.com.mx\/index.php?rest_route=\/wp\/v2\/posts"}],"about":[{"href":"https:\/\/encuentroinformativo.com.mx\/index.php?rest_route=\/wp\/v2\/types\/post"}],"author":[{"embeddable":true,"href":"https:\/\/encuentroinformativo.com.mx\/index.php?rest_route=\/wp\/v2\/users\/1"}],"replies":[{"embeddable":true,"href":"https:\/\/encuentroinformativo.com.mx\/index.php?rest_route=%2Fwp%2Fv2%2Fcomments&post=12144"}],"version-history":[{"count":1,"href":"https:\/\/encuentroinformativo.com.mx\/index.php?rest_route=\/wp\/v2\/posts\/12144\/revisions"}],"predecessor-version":[{"id":12146,"href":"https:\/\/encuentroinformativo.com.mx\/index.php?rest_route=\/wp\/v2\/posts\/12144\/revisions\/12146"}],"wp:featuredmedia":[{"embeddable":true,"href":"https:\/\/encuentroinformativo.com.mx\/index.php?rest_route=\/wp\/v2\/media\/12145"}],"wp:attachment":[{"href":"https:\/\/encuentroinformativo.com.mx\/index.php?rest_route=%2Fwp%2Fv2%2Fmedia&parent=12144"}],"wp:term":[{"taxonomy":"category","embeddable":true,"href":"https:\/\/encuentroinformativo.com.mx\/index.php?rest_route=%2Fwp%2Fv2%2Fcategories&post=12144"},{"taxonomy":"post_tag","embeddable":true,"href":"https:\/\/encuentroinformativo.com.mx\/index.php?rest_route=%2Fwp%2Fv2%2Ftags&post=12144"}],"curies":[{"name":"wp","href":"https:\/\/api.w.org\/{rel}","templated":true}]}}