{"id":12147,"date":"2021-03-19T21:53:03","date_gmt":"2021-03-20T03:53:03","guid":{"rendered":"https:\/\/encuentroinformativo.com.mx\/?p=12147"},"modified":"2021-03-19T21:53:06","modified_gmt":"2021-03-20T03:53:06","slug":"autoridades-no-dieron-respuesta-sonideros","status":"publish","type":"post","link":"https:\/\/encuentroinformativo.com.mx\/?p=12147","title":{"rendered":"Autoridades no dieron respuesta: Sonideros"},"content":{"rendered":"\n<p><strong>Dar\u00edo Pale<\/strong> <\/p>\n\n\n\n<p>Xalapa, Ver.- El abogado de los empresarios y trabajadores del entretenimiento Alejandro Luna dio a conocer que regresaron a la plaza Sebasti\u00e1n Lerdo de Tejada a reclamar los permisos para reanudar los eventos sociales, ya que no han tenido una respuesta a su solicitud para trabajar.<\/p>\n\n\n\n<p>Entrevistado este viernes previo a su manifestaci\u00f3n por medio de un baile en la plaza Lerdo y la calle de Enr\u00edquez se\u00f1al\u00f3 que, se quedaron\u00a0 esperando la respuesta de las autoridades municipales, sin embargo el Cabildo que preside Hip\u00f3lito Rodr\u00edguez Herrero simplemente no los llam\u00f3.<\/p>\n\n\n\n<p>&#8220;El municipio nos dijo que hoy nos avisar\u00edan. Ninguna de las dos autoridades se ha comunicado con nosotros&#8221;, se\u00f1al\u00f3 el abogado de dicho sector, por lo que optaron por manifestarse mediante un baile en la calle de Enr\u00edquez.<\/p>\n\n\n\n<p>Piden que se reactiven los eventos en salones de fiestas en un 33 por ciento con el actual sem\u00e1foro amarillo, y guardando las medidas sanitarias correspondientes, ya que los\u00a0Sonideros, meseros y\u00a0 banqueteros permanecer\u00e1n protestando frente al palacio de Gobierno.<\/p>\n","protected":false},"excerpt":{"rendered":"<p>Dar\u00edo Pale Xalapa, Ver.- El abogado de los empresarios y trabajadores del entretenimiento Alejandro Luna dio a conocer que regresaron a la plaza Sebasti\u00e1n Lerdo de Tejada a reclamar los permisos para reanudar los eventos sociales, ya que no han tenido una respuesta a su solicitud para trabajar. Entrevistado este viernes previo a su manifestaci\u00f3n [&hellip;]<\/p>\n","protected":false},"author":1,"featured_media":12148,"comment_status":"open","ping_status":"open","sticky":false,"template":"","format":"standard","meta":{"_jetpack_memberships_contains_paid_content":false,"footnotes":""},"categories":[3],"tags":[],"class_list":["post-12147","post","type-post","status-publish","format-standard","has-post-thumbnail","hentry","category-xalapa"],"jetpack_featured_media_url":"https:\/\/encuentroinformativo.com.mx\/wp-content\/uploads\/2021\/03\/676ED7A0-569E-486F-ACE9-508EB3779098.jpeg","jetpack_sharing_enabled":true,"jetpack_likes_enabled":true,"amp_enabled":true,"_links":{"self":[{"href":"https:\/\/encuentroinformativo.com.mx\/index.php?rest_route=\/wp\/v2\/posts\/12147","targetHints":{"allow":["GET"]}}],"collection":[{"href":"https:\/\/encuentroinformativo.com.mx\/index.php?rest_route=\/wp\/v2\/posts"}],"about":[{"href":"https:\/\/encuentroinformativo.com.mx\/index.php?rest_route=\/wp\/v2\/types\/post"}],"author":[{"embeddable":true,"href":"https:\/\/encuentroinformativo.com.mx\/index.php?rest_route=\/wp\/v2\/users\/1"}],"replies":[{"embeddable":true,"href":"https:\/\/encuentroinformativo.com.mx\/index.php?rest_route=%2Fwp%2Fv2%2Fcomments&post=12147"}],"version-history":[{"count":1,"href":"https:\/\/encuentroinformativo.com.mx\/index.php?rest_route=\/wp\/v2\/posts\/12147\/revisions"}],"predecessor-version":[{"id":12149,"href":"https:\/\/encuentroinformativo.com.mx\/index.php?rest_route=\/wp\/v2\/posts\/12147\/revisions\/12149"}],"wp:featuredmedia":[{"embeddable":true,"href":"https:\/\/encuentroinformativo.com.mx\/index.php?rest_route=\/wp\/v2\/media\/12148"}],"wp:attachment":[{"href":"https:\/\/encuentroinformativo.com.mx\/index.php?rest_route=%2Fwp%2Fv2%2Fmedia&parent=12147"}],"wp:term":[{"taxonomy":"category","embeddable":true,"href":"https:\/\/encuentroinformativo.com.mx\/index.php?rest_route=%2Fwp%2Fv2%2Fcategories&post=12147"},{"taxonomy":"post_tag","embeddable":true,"href":"https:\/\/encuentroinformativo.com.mx\/index.php?rest_route=%2Fwp%2Fv2%2Ftags&post=12147"}],"curies":[{"name":"wp","href":"https:\/\/api.w.org\/{rel}","templated":true}]}}