{"id":12153,"date":"2021-03-20T15:52:23","date_gmt":"2021-03-20T21:52:23","guid":{"rendered":"https:\/\/encuentroinformativo.com.mx\/?p=12153"},"modified":"2021-03-20T15:52:28","modified_gmt":"2021-03-20T21:52:28","slug":"protestan-perredistas-a-favor-de-rogelio-n","status":"publish","type":"post","link":"https:\/\/encuentroinformativo.com.mx\/?p=12153","title":{"rendered":"Protestan perredistas a favor de Rogelio \u201cN\u201d"},"content":{"rendered":"\n<p><strong>Dar\u00edo Pale <\/strong><\/p>\n\n\n\n<p>Xalapa, Ver.- En la capital del estado a un costado de palacio de gobierno militantes del Partido de la Revoluci\u00f3n Democr\u00e1tica (PRD), se manifestaron tal y como lo har\u00edan en 80 municipios del estado,\u00a0para demandar la liberaci\u00f3n de Rogelio \u201cN\u201d, detenido por el delito de ultrajes a la autoridad.<\/p>\n\n\n\n<p>Entrevistado durante la manifestaci\u00f3n en el parque Ju\u00e1rez el presidente del Comit\u00e9 Municipal del PRD en Xalapa, Alberto Meza Abud,\u00a0record\u00f3 que este s\u00e1bado se realizar\u00e1 la vinculaci\u00f3n a proceso en los juzgados de Tuxpan,por lo que solicitaron que el\u00a0proceso se lleve apegado a derecho.<\/p>\n\n\n\n<p>\u201cEstamos solicitando que se libere a nuestro compa\u00f1ero, que haya un juicio justo, porque hasta ahora ha estado plagado de irregularidades y hoy la autoridad estatal tiene la oportunidad de modificar su actuar y dejar a un lado el sesgo de persecuci\u00f3n pol\u00edtica\u201d, se\u00f1al\u00f3.<\/p>\n\n\n\n<p>Insisti\u00f3 en que la detenci\u00f3n de Rogelio \u201cN\u201d se trata de una persecuci\u00f3n pol\u00edtica en su contra y que muestra de ellos es que esta semana se registr\u00f3 la detenci\u00f3n de otra persona por el mismo delito de ultrajes a la autoridad y en ese caso se le impuso una fianza para seguir con su proceso en libertad.<\/p>\n\n\n\n<p>\u201cNo se est\u00e1n aplicando la ley de manera equitativa y eso preocupa mucho para quienes formamos partes del PRD porque estar\u00edamos hablando de una persecuci\u00f3n pol\u00edtica y que la ampliaci\u00f3n de la ley es en un sentido para unos y para otros es otro sentido\u201d, acus\u00f3 en entrevista.<\/p>\n\n\n\n<p>Finalmente los manifestantes demandaron a las autoridades garantizar la integridad de Rogelio \u201cN\u201d y que \u201cel Gobernador Cuitl\u00e1huac Garc\u00eda muestre templanza y mande un mensaje de estabilidad en el estado, que tanta falta hace\u201d.<\/p>\n","protected":false},"excerpt":{"rendered":"<p>Dar\u00edo Pale Xalapa, Ver.- En la capital del estado a un costado de palacio de gobierno militantes del Partido de la Revoluci\u00f3n Democr\u00e1tica (PRD), se manifestaron tal y como lo har\u00edan en 80 municipios del estado,\u00a0para demandar la liberaci\u00f3n de Rogelio \u201cN\u201d, detenido por el delito de ultrajes a la autoridad. Entrevistado durante la manifestaci\u00f3n [&hellip;]<\/p>\n","protected":false},"author":1,"featured_media":12154,"comment_status":"open","ping_status":"open","sticky":false,"template":"","format":"standard","meta":{"_jetpack_memberships_contains_paid_content":false,"footnotes":""},"categories":[3],"tags":[],"class_list":["post-12153","post","type-post","status-publish","format-standard","has-post-thumbnail","hentry","category-xalapa"],"jetpack_featured_media_url":"https:\/\/encuentroinformativo.com.mx\/wp-content\/uploads\/2021\/03\/818DD89A-FC80-464B-B825-644526FA61BC.jpeg","jetpack_sharing_enabled":true,"jetpack_likes_enabled":true,"amp_enabled":true,"_links":{"self":[{"href":"https:\/\/encuentroinformativo.com.mx\/index.php?rest_route=\/wp\/v2\/posts\/12153","targetHints":{"allow":["GET"]}}],"collection":[{"href":"https:\/\/encuentroinformativo.com.mx\/index.php?rest_route=\/wp\/v2\/posts"}],"about":[{"href":"https:\/\/encuentroinformativo.com.mx\/index.php?rest_route=\/wp\/v2\/types\/post"}],"author":[{"embeddable":true,"href":"https:\/\/encuentroinformativo.com.mx\/index.php?rest_route=\/wp\/v2\/users\/1"}],"replies":[{"embeddable":true,"href":"https:\/\/encuentroinformativo.com.mx\/index.php?rest_route=%2Fwp%2Fv2%2Fcomments&post=12153"}],"version-history":[{"count":1,"href":"https:\/\/encuentroinformativo.com.mx\/index.php?rest_route=\/wp\/v2\/posts\/12153\/revisions"}],"predecessor-version":[{"id":12155,"href":"https:\/\/encuentroinformativo.com.mx\/index.php?rest_route=\/wp\/v2\/posts\/12153\/revisions\/12155"}],"wp:featuredmedia":[{"embeddable":true,"href":"https:\/\/encuentroinformativo.com.mx\/index.php?rest_route=\/wp\/v2\/media\/12154"}],"wp:attachment":[{"href":"https:\/\/encuentroinformativo.com.mx\/index.php?rest_route=%2Fwp%2Fv2%2Fmedia&parent=12153"}],"wp:term":[{"taxonomy":"category","embeddable":true,"href":"https:\/\/encuentroinformativo.com.mx\/index.php?rest_route=%2Fwp%2Fv2%2Fcategories&post=12153"},{"taxonomy":"post_tag","embeddable":true,"href":"https:\/\/encuentroinformativo.com.mx\/index.php?rest_route=%2Fwp%2Fv2%2Ftags&post=12153"}],"curies":[{"name":"wp","href":"https:\/\/api.w.org\/{rel}","templated":true}]}}