{"id":1216,"date":"2020-03-24T13:40:50","date_gmt":"2020-03-24T19:40:50","guid":{"rendered":"https:\/\/encuentroinformativo.com\/?p=1216"},"modified":"2020-03-24T13:40:52","modified_gmt":"2020-03-24T19:40:52","slug":"los-retos-de-esteban","status":"publish","type":"post","link":"https:\/\/encuentroinformativo.com.mx\/?p=1216","title":{"rendered":"Los retos de Esteban"},"content":{"rendered":"\n<p><strong>Los Pol\u00edticos<\/strong><\/p>\n\n\n\n<p><strong>Salvador Mu\u00f1oz<\/strong><\/p>\n\n\n\n<p>Con miras al 2021, Morena tiene dos tareas fundamentales si quiere conservar mayor\u00eda en los Congresos local y federal, as\u00ed como de cierto modo, mantener los municipios ganados o de ser posible, incrementarlos: la unidad del partido y fortalecer la confianza ciudadana que depositaron en ellos en el 2018.<\/p>\n\n\n\n<p>La tarea no es f\u00e1cil, como tampoco lo ha sido para otros partidos en la renovaci\u00f3n de su dirigencia donde materialmente empiezan de cero, como puede ser el PRI con Marlon Ram\u00edrez; o el PAN, con Joaqu\u00edn Guzm\u00e1n Avil\u00e9s\u2026. ambos l\u00edderes partidistas han vivido o viven el juego de las conveniencias pol\u00edticas por encima de las partidistas\u2026 los ejemplos con personajes y actitudes es de todos conocidos\u2026 as\u00ed que no debe extra\u00f1ar entonces que la nueva encomienda encargada a Esteban Ram\u00edrez Zepeta est\u00e9 lleno de piedras a la hora de caminar.<\/p>\n\n\n\n<p>Est\u00e1 de m\u00e1s comentar que apenas el pasado fin de semana, el dirigente nacional de Morena, Alfonso Ram\u00edrez Cu\u00e9llar, design\u00f3 a Esteban Coordinador Estatal del partido haciendo equipo con Juan Javier G\u00f3mez Cazar\u00edn, Enrique Villegas, Marco Antonio Medina P\u00e9rez y Maleno Rosales Torres.<\/p>\n\n\n\n<p>Hay quienes ubican a Esteban como amigo de Cuitl\u00e1huac Garc\u00eda Jim\u00e9nez, y debe ser, m\u00e1s cuando iniciaron juntos, all\u00e1 por el 2011, ese sue\u00f1o por la transformaci\u00f3n del pa\u00eds; vamos, hablamos de un recorrido que cualquier moreno de cepa puede interpretar como esfuerzo, lucha, entrega en aras de buscar el cambio verdadero, como as\u00ed lo citan. S\u00ed, es posible que haya amistad, pero tambi\u00e9n trabajo pol\u00edtico y para que Ram\u00edrez Cu\u00e9llar lo reconozca por encima de cualquier otro personaje, habla mucho del trabajo pol\u00edtico de Esteban.<\/p>\n\n\n\n<p>Se dice mucho de los grupos al interior de Morena, como los Nahlistas, los Huertistas y los Cuitlahuistas\u2026 \u00a1claro que debe ser! Se insiste, muy independiente de la bandera que enarbolen, al final, como cualquier pol\u00edtico en cualquier partido, son humanos, con inquietudes, intereses, ambiciones, propias de la actividad pol\u00edtica cuyo fin siempre ser\u00e1 uno: ejercer el poder\u2026 insisto, sea Morena, PAN, PRI, o el que usted quiera citar.<\/p>\n\n\n\n<p>Por esto, se habla de que el primer reto de Esteban ser\u00e1 buscar la unidad al interior de Morena, porque no basta ya tener y estar en el poder, sino de unificarlo y enfilar fuerzas en un objetivo: consolidar el trabajo para que la Cuarta Transformaci\u00f3n sea tangible, asible en el ciudadano y as\u00ed, por una inercia natural, se podr\u00eda hablar entonces del segundo reto de Esteban: fortalecer la confianza ciudadana que depositaron en ellos en el 2018.<\/p>\n\n\n\n<p>Hay quienes destacan en esta tarea de Esteban, la presencia de Juan Javier G\u00f3mez Cazar\u00edn, diputado local y cabeza de la Junta de Coordinaci\u00f3n Pol\u00edtica de la LXV Legislatura. Guste a unos o no su estilo de ser y hacer pol\u00edtica, lo cierto es que El Car\u00f3n ha generado un liderazgo en Morena en diversas latitudes que rebasan el Palacio de Encanto que alcanza a legisladores federales, alcaldes y regidores. Ahora que si me apuran, hasta tiene el apoyo de otras fuerzas partidistas en diferentes rangos. A diferencia de otros, El Car\u00f3n no se confronta, no se pelea, mucho menos amenaza\u2026 \u00a1no se hace Bolas, pues! trata de hacer pol\u00edtica, de entablar di\u00e1logo, aun dentro de su partido y de su bancada, porque sabe que al igual que en otros partidos, hay diferencia de criterios, de ideas\u2026 y las respeta.<\/p>\n\n\n\n<p>Esteban tendr\u00e1 en G\u00f3mez Cazar\u00edn, como en Maleno Rosales, Enrique Villegas y Marco Antonio Medina P\u00e9rez, un equipo para hacer un gran equipo con miras al 2021\u2026<br><\/p>\n\n\n\n<p><strong>Un par\u00e9ntesis legislativo<\/strong><\/p>\n\n\n\n<p>En el Congreso local hay un elevador que no sirve desde hace rato. Habr\u00eda que echarse un clavado para checar qu\u00e9 Legislatura hizo contrato con la compa\u00f1\u00eda que se har\u00eda cargo de su mantenimiento y servicio porque resulta que \u00e9sta \u00a1desapareci\u00f3! como si fuera una empresa fantasma\u2026 La LXV Legislatura con mayor\u00eda de Morena, con las primeras lluvias, se encontr\u00f3 con tremendas goteras por todos lados\u2026 era terrible ver al personal de limpieza secar una y otra vez los charcos que se hac\u00edan en algunos puntos del Palacio Legislativo\u2026 al final, acabaron colocando cubetas. Hubo que esperar que pasara la temporada de lluvias para impermeabilizar un edificio, que de acuerdo a la empresa que lo hizo, f\u00e1cilmente ten\u00eda 17 a\u00f1os que no se hac\u00eda; a lo que s\u00ed le dieron mantenimiento en la pasada legislatura, fue a los ba\u00f1os a los que le invirtieron mucha lana\u2026 es seguro que falten cosas por hacer en el Palacio Legislativo, cosas que se pudieron hacer con los 28 millones de pesos que se pagaron de deuda arrastrada por anteriores legislaturas, pero de que se van a hacer, se van a hacer\u2026<br><\/p>\n\n\n\n<p><a href=\"mailto:smcainito@gmail.com\" target=\"_blank\" rel=\"noreferrer noopener\">smcainito@gmail.com<\/a><\/p>\n\n\n\n<p><\/p>\n","protected":false},"excerpt":{"rendered":"<p>Los Pol\u00edticos Salvador Mu\u00f1oz Con miras al 2021, Morena tiene dos tareas fundamentales si quiere conservar mayor\u00eda en los Congresos local y federal, as\u00ed como de cierto modo, mantener los municipios ganados o de ser posible, incrementarlos: la unidad del partido y fortalecer la confianza ciudadana que depositaron en ellos en el 2018. La tarea [&hellip;]<\/p>\n","protected":false},"author":1,"featured_media":387,"comment_status":"open","ping_status":"open","sticky":false,"template":"","format":"standard","meta":{"_jetpack_memberships_contains_paid_content":false,"footnotes":""},"categories":[11],"tags":[],"class_list":["post-1216","post","type-post","status-publish","format-standard","has-post-thumbnail","hentry","category-opinion"],"jetpack_featured_media_url":"https:\/\/encuentroinformativo.com.mx\/wp-content\/uploads\/2020\/03\/7CF8A22B-2764-47BE-8F7F-38FE9E5D6A2F.jpeg","jetpack_sharing_enabled":true,"jetpack_likes_enabled":true,"amp_enabled":true,"_links":{"self":[{"href":"https:\/\/encuentroinformativo.com.mx\/index.php?rest_route=\/wp\/v2\/posts\/1216","targetHints":{"allow":["GET"]}}],"collection":[{"href":"https:\/\/encuentroinformativo.com.mx\/index.php?rest_route=\/wp\/v2\/posts"}],"about":[{"href":"https:\/\/encuentroinformativo.com.mx\/index.php?rest_route=\/wp\/v2\/types\/post"}],"author":[{"embeddable":true,"href":"https:\/\/encuentroinformativo.com.mx\/index.php?rest_route=\/wp\/v2\/users\/1"}],"replies":[{"embeddable":true,"href":"https:\/\/encuentroinformativo.com.mx\/index.php?rest_route=%2Fwp%2Fv2%2Fcomments&post=1216"}],"version-history":[{"count":1,"href":"https:\/\/encuentroinformativo.com.mx\/index.php?rest_route=\/wp\/v2\/posts\/1216\/revisions"}],"predecessor-version":[{"id":1217,"href":"https:\/\/encuentroinformativo.com.mx\/index.php?rest_route=\/wp\/v2\/posts\/1216\/revisions\/1217"}],"wp:featuredmedia":[{"embeddable":true,"href":"https:\/\/encuentroinformativo.com.mx\/index.php?rest_route=\/wp\/v2\/media\/387"}],"wp:attachment":[{"href":"https:\/\/encuentroinformativo.com.mx\/index.php?rest_route=%2Fwp%2Fv2%2Fmedia&parent=1216"}],"wp:term":[{"taxonomy":"category","embeddable":true,"href":"https:\/\/encuentroinformativo.com.mx\/index.php?rest_route=%2Fwp%2Fv2%2Fcategories&post=1216"},{"taxonomy":"post_tag","embeddable":true,"href":"https:\/\/encuentroinformativo.com.mx\/index.php?rest_route=%2Fwp%2Fv2%2Ftags&post=1216"}],"curies":[{"name":"wp","href":"https:\/\/api.w.org\/{rel}","templated":true}]}}