{"id":12167,"date":"2021-03-21T14:58:18","date_gmt":"2021-03-21T20:58:18","guid":{"rendered":"https:\/\/encuentroinformativo.com.mx\/?p=12167"},"modified":"2021-03-21T14:58:22","modified_gmt":"2021-03-21T20:58:22","slug":"vecinos-de-lomas-verdes-promoveran-amparo-rechazan-construccion-de-centro-de-asistencia","status":"publish","type":"post","link":"https:\/\/encuentroinformativo.com.mx\/?p=12167","title":{"rendered":"Vecinos de Lomas Verdes promover\u00e1n amparo, rechazan construcci\u00f3n de Centro de Asistencia"},"content":{"rendered":"\n<p><strong>Juan Arcos <\/strong><\/p>\n\n\n\n<p>Xalapa, Ver.- Vecinos de la tercera secci\u00f3n de Lomas Verdes amagaron con promover un amparo en rechazo al proyecto para la construcci\u00f3n del Centro de Asistencia y Protecci\u00f3n Integral de Ni\u00f1as Adolescentes en su unidad habitacional.<\/p>\n\n\n\n<p>Las personas sostuvieron la tercera reuni\u00f3n con personal del ayuntamiento de Xalapa, durante este domingo 21 de marzo, en el estacionamiento de dicha zona urbana, donde externaron nuevamente su inconformidad ante los trabajados que se pretenden iniciar sobre un andador.<\/p>\n\n\n\n<p>Las personas reprobaron que el gobierno municipal no haya realizado una consulta ciudadana para conocer la postura de los pobladores sobre dicho proyecto.<br>De acuerdo con Jorge Guevara, vecino del sitio, los habitantes han recabado documentaci\u00f3n para iniciar el proceso legal y tramitar un amparo, para no permitir la obra.<\/p>\n\n\n\n<p>\u201cYa tenemos los escritos metidos por la v\u00eda legal, quiero decirle que si no nos contestan nosotros tenemos derecho a un amparo, porque la ley nos ampara como habitantes, porque les falt\u00f3 las bases para poder hacer un proyecto, no midieron las consecuencias desde ahorita\u201d.<\/p>\n\n\n\n<p>El entrevistado detall\u00f3 que el ayuntamiento de Xalapa se comprometi\u00f3 a dar una respuesta a los vecinos, a m\u00e1s tardar el pr\u00f3ximo viernes 26 de marzo y, en caso de no obtener una respuesta favorable, ser\u00e1 promovido el amparo correspondiente.<\/p>\n\n\n\n<p>\u201cEso es legal, estamos esperando la contestaci\u00f3n. Esto ni siquiera est\u00e1 autorizado, es un proyecto, a alguien se le prendi\u00f3 el foco y dice: oye, tenemos el recurso, m\u00e1ndale la lana, nosotros ya nos vamos, no se vale\u201d.<\/p>\n\n\n\n<p>Jorge Guevara indic\u00f3 que las autoridades municipales deber\u00edan tomar en cuenta todas las necesidades de la unidad habitacional, como la inseguridad, la falta de alumbrado p\u00fablico y el mantenimiento de \u00e1reas verdes.<br>Los vecinos han tenido que cooperar econ\u00f3micamente para la contrataci\u00f3n de elementos de seguridad privada ante los contantes robos y asaltos. Adem\u00e1s, instalaron una valla perimetral de metal en la zona del estacionamiento por el mismo motivo.<\/p>\n\n\n\n<p>Estas personas acusaron que las mismas autoridades locales han externado que no pueden intervenir en dichos temas, debido a que la tercera secci\u00f3n de Lomas Verdes a\u00fan no est\u00e1 municipalizada.<\/p>\n\n\n\n<figure class=\"wp-block-image size-large\"><img loading=\"lazy\" decoding=\"async\" width=\"1024\" height=\"768\" src=\"https:\/\/encuentroinformativo.com.mx\/wp-content\/uploads\/2021\/03\/01217DF3-A8B9-4E84-AEBD-AD1B84E8337D-1024x768.jpeg\" alt=\"\" class=\"wp-image-12169\" srcset=\"https:\/\/encuentroinformativo.com.mx\/wp-content\/uploads\/2021\/03\/01217DF3-A8B9-4E84-AEBD-AD1B84E8337D-1024x768.jpeg 1024w, https:\/\/encuentroinformativo.com.mx\/wp-content\/uploads\/2021\/03\/01217DF3-A8B9-4E84-AEBD-AD1B84E8337D-300x225.jpeg 300w, https:\/\/encuentroinformativo.com.mx\/wp-content\/uploads\/2021\/03\/01217DF3-A8B9-4E84-AEBD-AD1B84E8337D-768x576.jpeg 768w, https:\/\/encuentroinformativo.com.mx\/wp-content\/uploads\/2021\/03\/01217DF3-A8B9-4E84-AEBD-AD1B84E8337D-1536x1152.jpeg 1536w, https:\/\/encuentroinformativo.com.mx\/wp-content\/uploads\/2021\/03\/01217DF3-A8B9-4E84-AEBD-AD1B84E8337D.jpeg 1600w\" sizes=\"auto, (max-width: 1024px) 100vw, 1024px\" \/><\/figure>\n","protected":false},"excerpt":{"rendered":"<p>Juan Arcos Xalapa, Ver.- Vecinos de la tercera secci\u00f3n de Lomas Verdes amagaron con promover un amparo en rechazo al proyecto para la construcci\u00f3n del Centro de Asistencia y Protecci\u00f3n Integral de Ni\u00f1as Adolescentes en su unidad habitacional. Las personas sostuvieron la tercera reuni\u00f3n con personal del ayuntamiento de Xalapa, durante este domingo 21 de [&hellip;]<\/p>\n","protected":false},"author":1,"featured_media":12168,"comment_status":"open","ping_status":"open","sticky":false,"template":"","format":"standard","meta":{"_jetpack_memberships_contains_paid_content":false,"footnotes":""},"categories":[3],"tags":[],"class_list":["post-12167","post","type-post","status-publish","format-standard","has-post-thumbnail","hentry","category-xalapa"],"jetpack_featured_media_url":"https:\/\/encuentroinformativo.com.mx\/wp-content\/uploads\/2021\/03\/42702064-DC5A-464E-BC85-AAFFA55DECA8.jpeg","jetpack_sharing_enabled":true,"jetpack_likes_enabled":true,"amp_enabled":true,"_links":{"self":[{"href":"https:\/\/encuentroinformativo.com.mx\/index.php?rest_route=\/wp\/v2\/posts\/12167","targetHints":{"allow":["GET"]}}],"collection":[{"href":"https:\/\/encuentroinformativo.com.mx\/index.php?rest_route=\/wp\/v2\/posts"}],"about":[{"href":"https:\/\/encuentroinformativo.com.mx\/index.php?rest_route=\/wp\/v2\/types\/post"}],"author":[{"embeddable":true,"href":"https:\/\/encuentroinformativo.com.mx\/index.php?rest_route=\/wp\/v2\/users\/1"}],"replies":[{"embeddable":true,"href":"https:\/\/encuentroinformativo.com.mx\/index.php?rest_route=%2Fwp%2Fv2%2Fcomments&post=12167"}],"version-history":[{"count":1,"href":"https:\/\/encuentroinformativo.com.mx\/index.php?rest_route=\/wp\/v2\/posts\/12167\/revisions"}],"predecessor-version":[{"id":12170,"href":"https:\/\/encuentroinformativo.com.mx\/index.php?rest_route=\/wp\/v2\/posts\/12167\/revisions\/12170"}],"wp:featuredmedia":[{"embeddable":true,"href":"https:\/\/encuentroinformativo.com.mx\/index.php?rest_route=\/wp\/v2\/media\/12168"}],"wp:attachment":[{"href":"https:\/\/encuentroinformativo.com.mx\/index.php?rest_route=%2Fwp%2Fv2%2Fmedia&parent=12167"}],"wp:term":[{"taxonomy":"category","embeddable":true,"href":"https:\/\/encuentroinformativo.com.mx\/index.php?rest_route=%2Fwp%2Fv2%2Fcategories&post=12167"},{"taxonomy":"post_tag","embeddable":true,"href":"https:\/\/encuentroinformativo.com.mx\/index.php?rest_route=%2Fwp%2Fv2%2Ftags&post=12167"}],"curies":[{"name":"wp","href":"https:\/\/api.w.org\/{rel}","templated":true}]}}