{"id":12171,"date":"2021-03-21T15:06:56","date_gmt":"2021-03-21T21:06:56","guid":{"rendered":"https:\/\/encuentroinformativo.com.mx\/?p=12171"},"modified":"2021-03-21T15:06:59","modified_gmt":"2021-03-21T21:06:59","slug":"colonias-de-xalapa-son-focos-rojos-en-abuso-infantil-procuradora","status":"publish","type":"post","link":"https:\/\/encuentroinformativo.com.mx\/?p=12171","title":{"rendered":"Colonias de Xalapa son focos rojos en abuso infantil: Procuradora"},"content":{"rendered":"\n<p><strong>Juan Arcos<\/strong> <\/p>\n\n\n\n<p>Xalapa, Ver.- Algunas colonias de Xalapa contin\u00faan siendo focos rojos por el elevado n\u00famero de casos de abuso sexual infantil, revel\u00f3 Mar\u00eda del Monserrat D\u00edaz, procuradora de la Defensa de las Ni\u00f1as, Ni\u00f1os y Adolescentes en Xalapa.<\/p>\n\n\n\n<p>La funcionaria municipal detall\u00f3 que en dicha situaci\u00f3n se encuentran las colonias Plan de Ayala, Veracruz e, incluso, algunas de la zona centro de la capital veracruzana.<\/p>\n\n\n\n<p>\u201cEsto se da en las colonias m\u00e1s vulnerables econ\u00f3micamente. Curiosamente, tambi\u00e9n en colonias del centro porque hay mucha cuarter\u00eda\u201d, expres\u00f3.<\/p>\n\n\n\n<p>La entrevistada indic\u00f3 que contin\u00faan recibiendo casos de ni\u00f1as que han sido violentadas sexualmente, en su mayor\u00eda, por parte de sus propias familiares.<\/p>\n\n\n\n<p>\u201cSigue habiendo abuso sexual a menores, lo peor de todo es que es por sus propias familias\u201d, expres\u00f3.<\/p>\n\n\n\n<p>Monserrat D\u00edaz refiri\u00f3 que han sido presentadas varias denuncias en la Fiscal\u00eda Especializada en Atenci\u00f3n de Delitos contra Mujeres, Ni\u00f1os, Ni\u00f1as y Trata de Personas.<\/p>\n\n\n\n<p>\u201cNos llaman de fiscal\u00eda a atender, nosotros realmente no tenemos la medida de esta problem\u00e1tica porque no todos los casos nos llegan a nosotros, qui\u00e9n tiene los datos precisos de esto es fiscal\u00eda especializada\u201d.<\/p>\n\n\n\n<p><strong>NECESARIA CONSTRUCCI\u00d3N DE NUEVO REFUGIO<\/strong><\/p>\n\n\n\n<p>La Procuradora de la Defensa de las Ni\u00f1as, Ni\u00f1os y Adolescentes en Xalapa destac\u00f3 la importancia de que sea construido el Centro de Asistencia y Protecci\u00f3n Integral de Ni\u00f1as Adolescentes en la unidad habitacional de Lomas Verdes, ubicada en la zona sur de la ciudad.<\/p>\n\n\n\n<p>Ser\u00e1n destinados 7 millones de pesos para la habilitaci\u00f3n de dicho albergue en un terreno que se encuentra abandonado y donde anteriormente funcionaba el jard\u00edn de ni\u00f1os \u201cBertha Hern\u00e1ndez D\u00edaz\u201d.<\/p>\n\n\n\n<p>All\u00ed, recibir\u00e1n la atenci\u00f3n pertinente 12 ni\u00f1as, cuya edad va de los 12 a los 18 a\u00f1os, est\u00e1n en una situaci\u00f3n de vulneraci\u00f3n de derechos y requieren un espacio digno.<\/p>\n\n\n\n<p>\u201cLa parte m\u00e1s importante tambi\u00e9n es el rescate del espacio para la comunidad, las dos terceras partes del proyecto son en beneficio de la comunidad, \u00e1reas comunes, la cancha, talleres, \u00e1rea educativa donde se dar\u00e1 educaci\u00f3n b\u00e1sica, no solo para estas jovencitas, espacio para diez o 12 ni\u00f1as en situaci\u00f3n de vulnerabilidad\u201d.<\/p>\n\n\n\n<p>Monserrat D\u00edaz refiri\u00f3 que las \u201cactividades proyectivas\u201d se llevar\u00e1n a cabo, de manera conjunta, con adolescentes de Lomas Verdes, para beneficio comunitario.<\/p>\n\n\n\n<p>\u201cPorque efectivamente estos proyectos buscan una posibilidad de integraci\u00f3n de ni\u00f1as que han visto vulnerados sus derechos y que tengan la posibilidad de estar socialmente\u201d, remat\u00f3.<\/p>\n","protected":false},"excerpt":{"rendered":"<p>Juan Arcos Xalapa, Ver.- Algunas colonias de Xalapa contin\u00faan siendo focos rojos por el elevado n\u00famero de casos de abuso sexual infantil, revel\u00f3 Mar\u00eda del Monserrat D\u00edaz, procuradora de la Defensa de las Ni\u00f1as, Ni\u00f1os y Adolescentes en Xalapa. La funcionaria municipal detall\u00f3 que en dicha situaci\u00f3n se encuentran las colonias Plan de Ayala, Veracruz [&hellip;]<\/p>\n","protected":false},"author":1,"featured_media":12172,"comment_status":"open","ping_status":"open","sticky":false,"template":"","format":"standard","meta":{"_jetpack_memberships_contains_paid_content":false,"footnotes":""},"categories":[3],"tags":[],"class_list":["post-12171","post","type-post","status-publish","format-standard","has-post-thumbnail","hentry","category-xalapa"],"jetpack_featured_media_url":"https:\/\/encuentroinformativo.com.mx\/wp-content\/uploads\/2021\/03\/2B800B52-808F-42F6-842B-A275DBDED26D.jpeg","jetpack_sharing_enabled":true,"jetpack_likes_enabled":true,"amp_enabled":true,"_links":{"self":[{"href":"https:\/\/encuentroinformativo.com.mx\/index.php?rest_route=\/wp\/v2\/posts\/12171","targetHints":{"allow":["GET"]}}],"collection":[{"href":"https:\/\/encuentroinformativo.com.mx\/index.php?rest_route=\/wp\/v2\/posts"}],"about":[{"href":"https:\/\/encuentroinformativo.com.mx\/index.php?rest_route=\/wp\/v2\/types\/post"}],"author":[{"embeddable":true,"href":"https:\/\/encuentroinformativo.com.mx\/index.php?rest_route=\/wp\/v2\/users\/1"}],"replies":[{"embeddable":true,"href":"https:\/\/encuentroinformativo.com.mx\/index.php?rest_route=%2Fwp%2Fv2%2Fcomments&post=12171"}],"version-history":[{"count":1,"href":"https:\/\/encuentroinformativo.com.mx\/index.php?rest_route=\/wp\/v2\/posts\/12171\/revisions"}],"predecessor-version":[{"id":12173,"href":"https:\/\/encuentroinformativo.com.mx\/index.php?rest_route=\/wp\/v2\/posts\/12171\/revisions\/12173"}],"wp:featuredmedia":[{"embeddable":true,"href":"https:\/\/encuentroinformativo.com.mx\/index.php?rest_route=\/wp\/v2\/media\/12172"}],"wp:attachment":[{"href":"https:\/\/encuentroinformativo.com.mx\/index.php?rest_route=%2Fwp%2Fv2%2Fmedia&parent=12171"}],"wp:term":[{"taxonomy":"category","embeddable":true,"href":"https:\/\/encuentroinformativo.com.mx\/index.php?rest_route=%2Fwp%2Fv2%2Fcategories&post=12171"},{"taxonomy":"post_tag","embeddable":true,"href":"https:\/\/encuentroinformativo.com.mx\/index.php?rest_route=%2Fwp%2Fv2%2Ftags&post=12171"}],"curies":[{"name":"wp","href":"https:\/\/api.w.org\/{rel}","templated":true}]}}