{"id":12181,"date":"2021-03-21T15:25:45","date_gmt":"2021-03-21T21:25:45","guid":{"rendered":"https:\/\/encuentroinformativo.com.mx\/?p=12181"},"modified":"2021-03-21T15:25:48","modified_gmt":"2021-03-21T21:25:48","slug":"sujeto-incendia-casa-tras-conflicto-familiar-en-tuxpan","status":"publish","type":"post","link":"https:\/\/encuentroinformativo.com.mx\/?p=12181","title":{"rendered":"Sujeto incendia casa tras conflicto familiar en Tuxpan"},"content":{"rendered":"\n<p><strong>Alejandro \u00c1vila<\/strong><\/p>\n\n\n\n<p>Tuxpan, Ver.- Un sujeto que se encontraba en una reuni\u00f3n familiar sali\u00f3 molesto con sus cosanguineos y le prendi\u00f3 fuego al medidor y caja de fusibles.<\/p>\n\n\n\n<p>La situaci\u00f3n pudo tornarse m\u00e1s grave pues una mujer de 81 a\u00f1os se encontraba dentro de la vivienda, aunque finalmente logr\u00f3 ser rescatada por los vecinos.<\/p>\n\n\n\n<p>La hechos se registraron alrededor de las 03:00 horas de este domingo en la calle Roa Barcenas casi esquina con la calle segunda de Zaragoza, de la colonia Rosa Mar\u00eda, de esta localidad.&nbsp;<\/p>\n\n\n\n<p>Los da\u00f1os materiales resultaron ser cuantiosos y no se reportaron lesionados, aunque la propietaria de la vivienda afectada, dijo que har\u00e1 la denuncia correspondiente ante la Unidad Integral de Procuraci\u00f3n de Justicia.<\/p>\n\n\n\n<p>El siniestro fue controlado por el personal Bomberos y Protecci\u00f3n Civil, adem\u00e1s lleg\u00f3 personal de Polic\u00eda Municipal para tomar conocimiento de los hechos, adem\u00e1s se logr\u00f3 identificar al infractor como Emanuel Cardenete, quien aparentemente estaba alcoholizado.<\/p>\n","protected":false},"excerpt":{"rendered":"<p>Alejandro \u00c1vila Tuxpan, Ver.- Un sujeto que se encontraba en una reuni\u00f3n familiar sali\u00f3 molesto con sus cosanguineos y le prendi\u00f3 fuego al medidor y caja de fusibles. La situaci\u00f3n pudo tornarse m\u00e1s grave pues una mujer de 81 a\u00f1os se encontraba dentro de la vivienda, aunque finalmente logr\u00f3 ser rescatada por los vecinos. La [&hellip;]<\/p>\n","protected":false},"author":1,"featured_media":12182,"comment_status":"open","ping_status":"open","sticky":false,"template":"","format":"standard","meta":{"_jetpack_memberships_contains_paid_content":false,"footnotes":""},"categories":[14],"tags":[],"class_list":["post-12181","post","type-post","status-publish","format-standard","has-post-thumbnail","hentry","category-policiaca"],"jetpack_featured_media_url":"https:\/\/encuentroinformativo.com.mx\/wp-content\/uploads\/2021\/03\/937EBAED-C109-44C9-A46F-29F36756BC84.jpeg","jetpack_sharing_enabled":true,"jetpack_likes_enabled":true,"amp_enabled":true,"_links":{"self":[{"href":"https:\/\/encuentroinformativo.com.mx\/index.php?rest_route=\/wp\/v2\/posts\/12181","targetHints":{"allow":["GET"]}}],"collection":[{"href":"https:\/\/encuentroinformativo.com.mx\/index.php?rest_route=\/wp\/v2\/posts"}],"about":[{"href":"https:\/\/encuentroinformativo.com.mx\/index.php?rest_route=\/wp\/v2\/types\/post"}],"author":[{"embeddable":true,"href":"https:\/\/encuentroinformativo.com.mx\/index.php?rest_route=\/wp\/v2\/users\/1"}],"replies":[{"embeddable":true,"href":"https:\/\/encuentroinformativo.com.mx\/index.php?rest_route=%2Fwp%2Fv2%2Fcomments&post=12181"}],"version-history":[{"count":1,"href":"https:\/\/encuentroinformativo.com.mx\/index.php?rest_route=\/wp\/v2\/posts\/12181\/revisions"}],"predecessor-version":[{"id":12183,"href":"https:\/\/encuentroinformativo.com.mx\/index.php?rest_route=\/wp\/v2\/posts\/12181\/revisions\/12183"}],"wp:featuredmedia":[{"embeddable":true,"href":"https:\/\/encuentroinformativo.com.mx\/index.php?rest_route=\/wp\/v2\/media\/12182"}],"wp:attachment":[{"href":"https:\/\/encuentroinformativo.com.mx\/index.php?rest_route=%2Fwp%2Fv2%2Fmedia&parent=12181"}],"wp:term":[{"taxonomy":"category","embeddable":true,"href":"https:\/\/encuentroinformativo.com.mx\/index.php?rest_route=%2Fwp%2Fv2%2Fcategories&post=12181"},{"taxonomy":"post_tag","embeddable":true,"href":"https:\/\/encuentroinformativo.com.mx\/index.php?rest_route=%2Fwp%2Fv2%2Ftags&post=12181"}],"curies":[{"name":"wp","href":"https:\/\/api.w.org\/{rel}","templated":true}]}}