{"id":12184,"date":"2021-03-21T15:41:15","date_gmt":"2021-03-21T21:41:15","guid":{"rendered":"https:\/\/encuentroinformativo.com.mx\/?p=12184"},"modified":"2021-03-21T15:41:17","modified_gmt":"2021-03-21T21:41:17","slug":"detencion-de-rogelio-n-es-tema-politico-alcalde","status":"publish","type":"post","link":"https:\/\/encuentroinformativo.com.mx\/?p=12184","title":{"rendered":"Detenci\u00f3n de Rogelio \u201cN\u201d es tema pol\u00edtico: Alcalde"},"content":{"rendered":"\n<p><strong>Alejandro \u00c1vila<\/strong><\/p>\n\n\n\n<p>Veracruz, Ver.- La detenci\u00f3n y la sentencia de ocho meses de prisi\u00f3n preventiva al ex secretario de Gobierno, Rogelio \u201cN\u201d es un tema totalmente pol\u00edtico, pero sobre todo habla del r\u00e9gimen autoritario que se est\u00e1 viviendo en el Estado de Veracruz, acus\u00f3 el alcalde Fernando Yunes M\u00e1rquez.<\/p>\n\n\n\n<p>\u201cEs la consecuencia de que es un l\u00edder pol\u00edtico importante de la oposici\u00f3n y pues como muchos otros nos oponemos a lo que est\u00e1 viviendo hoy Veracruz, que es violencia en contra de las mujeres, pobreza, un gobierno que no tiene la capacidad de sacar adelante a este Estado y desgraciadamente Rogelio lo est\u00e1 pagando\u201d, expres\u00f3.<\/p>\n\n\n\n<p>En ese sentido, coment\u00f3 que los delitos que se le imputan, como es el de agravantes a la autoridad es completamente violatorio de la Constituci\u00f3n y de los Derechos Humanos.<\/p>\n\n\n\n<p>\u201cYa lo dijo la Universidad Veracruzana, lo han dicho los Colegios de Abogados, ya en otros lugares no se aplican, precisamente por el exceso que tiene y porque lo que hace es que ahora los ciudadanos se tengan que proteger de la autoridad, porque en cualquier caso y por cualquier raz\u00f3n se le meten ultrajes a la autoridad y tienen que pasar tiempo en la c\u00e1rcel. Es completamente desproporcional\u201d, subray\u00f3.<\/p>\n\n\n\n<p>En otro tema, mencion\u00f3 que a\u00fan no tienen fecha exacta para tomar la decisi\u00f3n de donde quedar\u00e1 finalmente colocado de forma permanente el Antimonumenta que hoy est\u00e1 en la Plaza de la Soberan\u00eda, pero dijo que contin\u00faan los di\u00e1logos con diferentes grupos de mujeres e instituciones para pronto dar a conocer del tema.<\/p>\n\n\n\n<p>\u201cNo, temor para nada. \u00bfTemor de que? (\u2026.) somos la \u00fanica ciudad del pa\u00eds donde se les tom\u00f3 en cuenta, donde se les llam\u00f3 a un dialogo, donde no se rompi\u00f3 la Antimonumenta, donde se respet\u00f3, donde no fueron encapsuladas, donde no hubieron vallas, donde no hubo una sola represi\u00f3n, creo que al rev\u00e9s, esta es la ciudad que m\u00e1s libertades les ha dado\u201d, remat\u00f3.<\/p>\n","protected":false},"excerpt":{"rendered":"<p>Alejandro \u00c1vila Veracruz, Ver.- La detenci\u00f3n y la sentencia de ocho meses de prisi\u00f3n preventiva al ex secretario de Gobierno, Rogelio \u201cN\u201d es un tema totalmente pol\u00edtico, pero sobre todo habla del r\u00e9gimen autoritario que se est\u00e1 viviendo en el Estado de Veracruz, acus\u00f3 el alcalde Fernando Yunes M\u00e1rquez. \u201cEs la consecuencia de que es [&hellip;]<\/p>\n","protected":false},"author":1,"featured_media":12185,"comment_status":"open","ping_status":"open","sticky":false,"template":"","format":"standard","meta":{"_jetpack_memberships_contains_paid_content":false,"footnotes":""},"categories":[2],"tags":[],"class_list":["post-12184","post","type-post","status-publish","format-standard","has-post-thumbnail","hentry","category-estado"],"jetpack_featured_media_url":"https:\/\/encuentroinformativo.com.mx\/wp-content\/uploads\/2021\/03\/441269AF-1F3E-4D64-AA75-1B8535885858.jpeg","jetpack_sharing_enabled":true,"jetpack_likes_enabled":true,"amp_enabled":true,"_links":{"self":[{"href":"https:\/\/encuentroinformativo.com.mx\/index.php?rest_route=\/wp\/v2\/posts\/12184","targetHints":{"allow":["GET"]}}],"collection":[{"href":"https:\/\/encuentroinformativo.com.mx\/index.php?rest_route=\/wp\/v2\/posts"}],"about":[{"href":"https:\/\/encuentroinformativo.com.mx\/index.php?rest_route=\/wp\/v2\/types\/post"}],"author":[{"embeddable":true,"href":"https:\/\/encuentroinformativo.com.mx\/index.php?rest_route=\/wp\/v2\/users\/1"}],"replies":[{"embeddable":true,"href":"https:\/\/encuentroinformativo.com.mx\/index.php?rest_route=%2Fwp%2Fv2%2Fcomments&post=12184"}],"version-history":[{"count":1,"href":"https:\/\/encuentroinformativo.com.mx\/index.php?rest_route=\/wp\/v2\/posts\/12184\/revisions"}],"predecessor-version":[{"id":12186,"href":"https:\/\/encuentroinformativo.com.mx\/index.php?rest_route=\/wp\/v2\/posts\/12184\/revisions\/12186"}],"wp:featuredmedia":[{"embeddable":true,"href":"https:\/\/encuentroinformativo.com.mx\/index.php?rest_route=\/wp\/v2\/media\/12185"}],"wp:attachment":[{"href":"https:\/\/encuentroinformativo.com.mx\/index.php?rest_route=%2Fwp%2Fv2%2Fmedia&parent=12184"}],"wp:term":[{"taxonomy":"category","embeddable":true,"href":"https:\/\/encuentroinformativo.com.mx\/index.php?rest_route=%2Fwp%2Fv2%2Fcategories&post=12184"},{"taxonomy":"post_tag","embeddable":true,"href":"https:\/\/encuentroinformativo.com.mx\/index.php?rest_route=%2Fwp%2Fv2%2Ftags&post=12184"}],"curies":[{"name":"wp","href":"https:\/\/api.w.org\/{rel}","templated":true}]}}