{"id":12198,"date":"2021-03-22T11:30:11","date_gmt":"2021-03-22T17:30:11","guid":{"rendered":"https:\/\/encuentroinformativo.com.mx\/?p=12198"},"modified":"2021-03-22T11:30:17","modified_gmt":"2021-03-22T17:30:17","slug":"protestan-ambientalistas-en-conagua-rechazan-concesiones-privadas","status":"publish","type":"post","link":"https:\/\/encuentroinformativo.com.mx\/?p=12198","title":{"rendered":"Protestan ambientalistas en Conagua, rechazan concesiones privadas"},"content":{"rendered":"\n<p><strong>Juan Arcos <\/strong><\/p>\n\n\n\n<p>Xalapa, Ver.- Grupos ambientalistas protestaron y tomaron las oficinas centrales de la Comisi\u00f3n Nacional del Agua (Conagua) en Xalapa, para exigir la cancelaci\u00f3n definitiva de las concesiones privadas del agua en el puerto de Veracruz, Boca del R\u00edo y Medell\u00edn de Bravo.<\/p>\n\n\n\n<p>Durante el D\u00eda Mundial del Agua, los activistas colocaron lonas y pancartas en la valla perimetral de la dependencia federal, montaron una carpa e instalaron equipo de sonido, para exigir acciones legales inmediatas contra Grupo M\u00e1s, Grupo CAB y Grupo Acciona por la grave contaminaci\u00f3n y los da\u00f1os ecol\u00f3gicos que est\u00e1n ocasionando a lagunas, r\u00edos, manglares, al mar y a las zonas urbanas.<\/p>\n\n\n\n<p>\u201cConagua, nido de maleantes vende patria, lev\u00e1ntate pueblo\u201d, se le\u00eda en algunos de sus mensajes sobre el acceso principal a Conagua, ubicada sobre la carretera federal Xalapa-Veracruz, a la altura de El Olmo.<\/p>\n\n\n\n<p>De acuerdo con Fernando, integrante de la Asamblea Ciudadana en Defensa del Agua en el puerto de Veracruz y Boca del R\u00edo, tambi\u00e9n se reclama la reconexi\u00f3n inmediata del agua potable y drenaje a todas las personas afectadas por dichas empresas y la condonaci\u00f3n de pagos a los deudores de consumo habitacional.<\/p>\n\n\n\n<p>Demandaron el cumplimento a lo ordenado en el art\u00edculo 4\u00ba Constitucional, que a la letra dice: \u201ctoda persona tiene derecho a un medio ambiente sano para su desarrollo y bienestar, el Estado garantizar\u00e1 el respeto a este derecho, el da\u00f1o y deterioro ambiental generar\u00e1 responsabilidad para quien lo provoque y en t\u00e9rminos de los supuesto por la ley. Toda persona tiene derecho al acceso, disposici\u00f3n y saneamiento de agua para consumo personal y dom\u00e9stico, en forma suficiente, salubre, aceptable y asequible.<\/p>\n\n\n\n<p>Los defensores del agua exigieron al Congreso de la Uni\u00f3n que se legisle una nueva Ley General de Agua, para evitar que en las cuencas del territorio nacional contin\u00faen otorg\u00e1ndose concesiones a las grandes empresas.<\/p>\n\n\n\n<p>En la protesta participaron integrantes del colectivo Agua para Todos, La Asamblea de Iniciativas y Defensa Ambiental (Lavida), del Consejo Nacional Ind\u00edgena (CNI) y del Ej\u00e9rcito Zapatista de Liberaci\u00f3n Nacional (EZLN).<\/p>\n","protected":false},"excerpt":{"rendered":"<p>Juan Arcos Xalapa, Ver.- Grupos ambientalistas protestaron y tomaron las oficinas centrales de la Comisi\u00f3n Nacional del Agua (Conagua) en Xalapa, para exigir la cancelaci\u00f3n definitiva de las concesiones privadas del agua en el puerto de Veracruz, Boca del R\u00edo y Medell\u00edn de Bravo. Durante el D\u00eda Mundial del Agua, los activistas colocaron lonas y [&hellip;]<\/p>\n","protected":false},"author":1,"featured_media":12199,"comment_status":"open","ping_status":"open","sticky":false,"template":"","format":"standard","meta":{"_jetpack_memberships_contains_paid_content":false,"footnotes":""},"categories":[2],"tags":[],"class_list":["post-12198","post","type-post","status-publish","format-standard","has-post-thumbnail","hentry","category-estado"],"jetpack_featured_media_url":"https:\/\/encuentroinformativo.com.mx\/wp-content\/uploads\/2021\/03\/8F75B3EC-0A6E-4D03-A669-1E191839FD95.jpeg","jetpack_sharing_enabled":true,"jetpack_likes_enabled":true,"amp_enabled":true,"_links":{"self":[{"href":"https:\/\/encuentroinformativo.com.mx\/index.php?rest_route=\/wp\/v2\/posts\/12198","targetHints":{"allow":["GET"]}}],"collection":[{"href":"https:\/\/encuentroinformativo.com.mx\/index.php?rest_route=\/wp\/v2\/posts"}],"about":[{"href":"https:\/\/encuentroinformativo.com.mx\/index.php?rest_route=\/wp\/v2\/types\/post"}],"author":[{"embeddable":true,"href":"https:\/\/encuentroinformativo.com.mx\/index.php?rest_route=\/wp\/v2\/users\/1"}],"replies":[{"embeddable":true,"href":"https:\/\/encuentroinformativo.com.mx\/index.php?rest_route=%2Fwp%2Fv2%2Fcomments&post=12198"}],"version-history":[{"count":1,"href":"https:\/\/encuentroinformativo.com.mx\/index.php?rest_route=\/wp\/v2\/posts\/12198\/revisions"}],"predecessor-version":[{"id":12200,"href":"https:\/\/encuentroinformativo.com.mx\/index.php?rest_route=\/wp\/v2\/posts\/12198\/revisions\/12200"}],"wp:featuredmedia":[{"embeddable":true,"href":"https:\/\/encuentroinformativo.com.mx\/index.php?rest_route=\/wp\/v2\/media\/12199"}],"wp:attachment":[{"href":"https:\/\/encuentroinformativo.com.mx\/index.php?rest_route=%2Fwp%2Fv2%2Fmedia&parent=12198"}],"wp:term":[{"taxonomy":"category","embeddable":true,"href":"https:\/\/encuentroinformativo.com.mx\/index.php?rest_route=%2Fwp%2Fv2%2Fcategories&post=12198"},{"taxonomy":"post_tag","embeddable":true,"href":"https:\/\/encuentroinformativo.com.mx\/index.php?rest_route=%2Fwp%2Fv2%2Ftags&post=12198"}],"curies":[{"name":"wp","href":"https:\/\/api.w.org\/{rel}","templated":true}]}}