{"id":12201,"date":"2021-03-22T11:47:01","date_gmt":"2021-03-22T17:47:01","guid":{"rendered":"https:\/\/encuentroinformativo.com.mx\/?p=12201"},"modified":"2021-03-22T11:47:04","modified_gmt":"2021-03-22T17:47:04","slug":"solicitaran-cancelacion-del-cobro-por-servicios-ambientales","status":"publish","type":"post","link":"https:\/\/encuentroinformativo.com.mx\/?p=12201","title":{"rendered":"Solicitar\u00e1n cancelaci\u00f3n del cobro por servicios ambientales"},"content":{"rendered":"\n<p><strong>Dar\u00edo Pale <\/strong><\/p>\n\n\n\n<p>Xalapa, Ver.- El presidente de la fundaci\u00f3n Salvemos el Agua Alejandro de la Madrid Trueba, inform\u00f3 que este lunes solicitar\u00eda formalmente ayuntamiento de Xalapa, la cancelaci\u00f3n del cobro del 2 por ciento por servicios ambientales, respaldado por el diputado local Omar Miranda Romero.<\/p>\n\n\n\n<p>En conferencia de prensa realizada en conocido caf\u00e9 del centro de Xalapa, junto con el diputado panista Omar Miranda Romero, record\u00f3 que es opcional, pero s\u00ed aparece en el recibo de los m\u00e1s de 168 mil usuarios que hay en la capital, por lo que\u00a0reiter\u00f3 que quien quiera cancelarlo tiene que ir de manera presencial a solicitar que no le sea cobrado el servicio, por lo tanto no es voluntario.<\/p>\n\n\n\n<p>Consider\u00f3 que en D\u00eda mundial del agua no hay nada que celebrar, pues reiter\u00f3 que en Xalapa se tiene uno de los servicios m\u00e1s caros del pa\u00eds, por lo\u00a0que pese al constante aumento de los precios, la ciudad enfrenta una situaci\u00f3n preocupante por el suministro del l\u00edquido debido a las fugas ocasionadas en la red, el deficiente cobro, una n\u00f3mina abultada en el organismo operador del agua que presume ser moderno, entre otros.<\/p>\n\n\n\n<p>Respecto del tandeo, coment\u00f3 que hay un incremento de m\u00e1s de 9 mil 800 tomas que se suman a los 160 mil 878 usuarios con que cuenta la CMAS.<\/p>\n\n\n\n<p>Por su parte, el diputado Miranda indic\u00f3 que buscan que quede sin efecto el acuerdo de Cabildo por el que manera &#8220;abusiva&#8221; el \u00f3rgano de gobierno de la Comisi\u00f3n Municipal de Agua y Saneamiento (CMAS) aprueba el que se incluya en el recibo del agua el pago de servicios ambientales.<\/p>\n\n\n\n<p>Finalmente afirm\u00f3 que no s\u00f3lo es una petici\u00f3n de ellos dos, sino de los ciudadanos xalape\u00f1os que le han solicitado, mediante redes sociales, que hagan algo para ayudar,\u00a0&#8220;lo que hemos dicho es que un cargo m\u00e1s es cargar m\u00e1s la mano a la gente m\u00e1s necesitada en este momento de pandemia&#8221;.<\/p>\n","protected":false},"excerpt":{"rendered":"<p>Dar\u00edo Pale Xalapa, Ver.- El presidente de la fundaci\u00f3n Salvemos el Agua Alejandro de la Madrid Trueba, inform\u00f3 que este lunes solicitar\u00eda formalmente ayuntamiento de Xalapa, la cancelaci\u00f3n del cobro del 2 por ciento por servicios ambientales, respaldado por el diputado local Omar Miranda Romero. En conferencia de prensa realizada en conocido caf\u00e9 del centro [&hellip;]<\/p>\n","protected":false},"author":1,"featured_media":3248,"comment_status":"open","ping_status":"open","sticky":false,"template":"","format":"standard","meta":{"_jetpack_memberships_contains_paid_content":false,"footnotes":""},"categories":[3],"tags":[],"class_list":["post-12201","post","type-post","status-publish","format-standard","has-post-thumbnail","hentry","category-xalapa"],"jetpack_featured_media_url":"https:\/\/encuentroinformativo.com.mx\/wp-content\/uploads\/2020\/06\/C1717449-56BC-43D8-B6A4-B057BE3C7F10.jpeg","jetpack_sharing_enabled":true,"jetpack_likes_enabled":true,"amp_enabled":true,"_links":{"self":[{"href":"https:\/\/encuentroinformativo.com.mx\/index.php?rest_route=\/wp\/v2\/posts\/12201","targetHints":{"allow":["GET"]}}],"collection":[{"href":"https:\/\/encuentroinformativo.com.mx\/index.php?rest_route=\/wp\/v2\/posts"}],"about":[{"href":"https:\/\/encuentroinformativo.com.mx\/index.php?rest_route=\/wp\/v2\/types\/post"}],"author":[{"embeddable":true,"href":"https:\/\/encuentroinformativo.com.mx\/index.php?rest_route=\/wp\/v2\/users\/1"}],"replies":[{"embeddable":true,"href":"https:\/\/encuentroinformativo.com.mx\/index.php?rest_route=%2Fwp%2Fv2%2Fcomments&post=12201"}],"version-history":[{"count":1,"href":"https:\/\/encuentroinformativo.com.mx\/index.php?rest_route=\/wp\/v2\/posts\/12201\/revisions"}],"predecessor-version":[{"id":12202,"href":"https:\/\/encuentroinformativo.com.mx\/index.php?rest_route=\/wp\/v2\/posts\/12201\/revisions\/12202"}],"wp:featuredmedia":[{"embeddable":true,"href":"https:\/\/encuentroinformativo.com.mx\/index.php?rest_route=\/wp\/v2\/media\/3248"}],"wp:attachment":[{"href":"https:\/\/encuentroinformativo.com.mx\/index.php?rest_route=%2Fwp%2Fv2%2Fmedia&parent=12201"}],"wp:term":[{"taxonomy":"category","embeddable":true,"href":"https:\/\/encuentroinformativo.com.mx\/index.php?rest_route=%2Fwp%2Fv2%2Fcategories&post=12201"},{"taxonomy":"post_tag","embeddable":true,"href":"https:\/\/encuentroinformativo.com.mx\/index.php?rest_route=%2Fwp%2Fv2%2Ftags&post=12201"}],"curies":[{"name":"wp","href":"https:\/\/api.w.org\/{rel}","templated":true}]}}