{"id":12207,"date":"2021-03-22T14:30:51","date_gmt":"2021-03-22T20:30:51","guid":{"rendered":"https:\/\/encuentroinformativo.com.mx\/?p=12207"},"modified":"2021-03-22T14:31:05","modified_gmt":"2021-03-22T20:31:05","slug":"rechazan-partidos-de-oposicion-firma-de-acuerdo","status":"publish","type":"post","link":"https:\/\/encuentroinformativo.com.mx\/?p=12207","title":{"rendered":"Rechazan partidos de oposici\u00f3n firma de acuerdo"},"content":{"rendered":"\n<p><strong>Dar\u00edo Pale <\/strong><\/p>\n\n\n\n<p>Xalapa, Ver.- Los presidentes de los partidos pol\u00edticos PRI, PAN y PRD no van al Acuerdo Veracruz por la Democracia 2021, el cual se firmar\u00eda el d\u00eda de hoy en palacio de gobierno, as\u00ed lo dieron a conocer mediante una carta dirigida a los veracruzanos.<\/p>\n\n\n\n<p>Los dirigentes de la alianza \u00a1Veracruz Va!, Joaqu\u00edn Guzm\u00e1n Avil\u00e9s, Sergio Cadena Mart\u00ednez y Marlon Ram\u00edrez Mar\u00edn, anunciaron que no firmar\u00e1n el Acuerdo Veracruz por la Democracia 2021, por medio\u00a0de una carta dirigida a los veracruzanos, expresaron que no est\u00e1n de acuerdo, porque no los llena de orgullo el rumbo en el que el gobierno lleva el empleo, la seguridad, la salud y el bienestar de los ciudadanos.<\/p>\n\n\n\n<p>Los l\u00edderes del los partidos pol\u00edticos dieron a conocer que la propuesta presentada el pasado 15 de marzo por el Ejecutivo, se presenta a 75 d\u00edas de la jornada electoral, cuando Veracruz ha tenido que enfrentar dos a\u00f1os de un gobierno soberbio y represor, a cargo de un partido que ampl\u00eda los mecanismos para someter a quienes no piensan igual y se oponen a las malas decisiones del Gobierno.<\/p>\n\n\n\n<p>&#8220;Hoy Morena quiere firmar a trav\u00e9s del gobierno del Estado, un acuerdo innecesario, cuyos preceptos ya se encuentran establecidos en las leyes federales y estatales, en\u00a0un marco de crisis sin precedente en la historia de Veracruz, donde los \u00fanicos n\u00fameros altos son los del desempleo, la inseguridad y el desinter\u00e9s por la salud de las y los veracruzanos&#8221;, critican los l\u00edderes partidistas.<\/p>\n\n\n\n<p>Por tales razones, responden al llamado del Ejecutivo, tal y como lo ha expresado la sociedad veracruzana,\u00a0&#8220;no firmaremos un acuerdo con quien no estamos de acuerdo, porque como veracruzanos no nos llena de orgullo el rumbo en el que llevan al empleo, a la seguridad, a la salud, y al bienestar de los ciudadanos, consideramos que si el Ejecutivo cumple la ley en lugar de suscribir un convenio, ser\u00e1 suficiente para garantizar la democracia en Veracruz&#8221;.<\/p>\n\n\n\n<p>Asimismo, reafirmaron su disposici\u00f3n para cumplir la normatividad que enmarca el actuar de cada uno en el proceso electoral 2020-2021.<\/p>\n\n\n\n<p>Finalmente de la misma forma, esperan que exista una conducci\u00f3n respetuosa, democr\u00e1tica y legal del gobierno del Estado y de todos los integrantes del gabinete para abonar en la construcci\u00f3n de un proceso electoral apegado a los principios de certeza, legalidad, independencia, imparcialidad y objetividad, en beneficio de las y los veracruzanos.<\/p>\n","protected":false},"excerpt":{"rendered":"<p>Dar\u00edo Pale Xalapa, Ver.- Los presidentes de los partidos pol\u00edticos PRI, PAN y PRD no van al Acuerdo Veracruz por la Democracia 2021, el cual se firmar\u00eda el d\u00eda de hoy en palacio de gobierno, as\u00ed lo dieron a conocer mediante una carta dirigida a los veracruzanos. Los dirigentes de la alianza \u00a1Veracruz Va!, Joaqu\u00edn [&hellip;]<\/p>\n","protected":false},"author":1,"featured_media":12208,"comment_status":"open","ping_status":"open","sticky":false,"template":"","format":"standard","meta":{"_jetpack_memberships_contains_paid_content":false,"footnotes":""},"categories":[2],"tags":[],"class_list":["post-12207","post","type-post","status-publish","format-standard","has-post-thumbnail","hentry","category-estado"],"jetpack_featured_media_url":"https:\/\/encuentroinformativo.com.mx\/wp-content\/uploads\/2021\/03\/9A03DC9C-FD55-4680-B113-8326CBB4AAAD.jpeg","jetpack_sharing_enabled":true,"jetpack_likes_enabled":true,"amp_enabled":true,"_links":{"self":[{"href":"https:\/\/encuentroinformativo.com.mx\/index.php?rest_route=\/wp\/v2\/posts\/12207","targetHints":{"allow":["GET"]}}],"collection":[{"href":"https:\/\/encuentroinformativo.com.mx\/index.php?rest_route=\/wp\/v2\/posts"}],"about":[{"href":"https:\/\/encuentroinformativo.com.mx\/index.php?rest_route=\/wp\/v2\/types\/post"}],"author":[{"embeddable":true,"href":"https:\/\/encuentroinformativo.com.mx\/index.php?rest_route=\/wp\/v2\/users\/1"}],"replies":[{"embeddable":true,"href":"https:\/\/encuentroinformativo.com.mx\/index.php?rest_route=%2Fwp%2Fv2%2Fcomments&post=12207"}],"version-history":[{"count":1,"href":"https:\/\/encuentroinformativo.com.mx\/index.php?rest_route=\/wp\/v2\/posts\/12207\/revisions"}],"predecessor-version":[{"id":12209,"href":"https:\/\/encuentroinformativo.com.mx\/index.php?rest_route=\/wp\/v2\/posts\/12207\/revisions\/12209"}],"wp:featuredmedia":[{"embeddable":true,"href":"https:\/\/encuentroinformativo.com.mx\/index.php?rest_route=\/wp\/v2\/media\/12208"}],"wp:attachment":[{"href":"https:\/\/encuentroinformativo.com.mx\/index.php?rest_route=%2Fwp%2Fv2%2Fmedia&parent=12207"}],"wp:term":[{"taxonomy":"category","embeddable":true,"href":"https:\/\/encuentroinformativo.com.mx\/index.php?rest_route=%2Fwp%2Fv2%2Fcategories&post=12207"},{"taxonomy":"post_tag","embeddable":true,"href":"https:\/\/encuentroinformativo.com.mx\/index.php?rest_route=%2Fwp%2Fv2%2Ftags&post=12207"}],"curies":[{"name":"wp","href":"https:\/\/api.w.org\/{rel}","templated":true}]}}