{"id":12216,"date":"2021-03-22T15:32:44","date_gmt":"2021-03-22T21:32:44","guid":{"rendered":"https:\/\/encuentroinformativo.com.mx\/?p=12216"},"modified":"2021-03-22T15:32:47","modified_gmt":"2021-03-22T21:32:47","slug":"abogados-exigen-mantenimiento-a-ciudad-judicial-de-veracruz-puerto","status":"publish","type":"post","link":"https:\/\/encuentroinformativo.com.mx\/?p=12216","title":{"rendered":"Abogados exigen mantenimiento a Ciudad Judicial de Veracruz puerto"},"content":{"rendered":"\n<p><strong>Alejandro \u00c1vila<\/strong><\/p>\n\n\n\n<p>Veracruz, Ver.- Desde hace m\u00e1s de un a\u00f1o, el edificio sede de la Ciudad Judicial en Veracruz puerto, ubicado en la colonia Ortiz Rubio se encuentra olvidado y sin mantenimiento, situaci\u00f3n que afecta de decenas de empleados administrativos y litigantes que acuden diariamente el lugar a realizar tr\u00e1mites.<\/p>\n\n\n\n<p>El Colegio de Abogados realiz\u00f3 una peque\u00f1a manifestaci\u00f3n este lunes 22 de marzo, pues a pesar de hacer el exhorto al Poder Judicial desde hace meses, la respuesta, acusan, ha sido, \u201clo estamos analizando\u201d.<\/p>\n\n\n\n<p>Resalt\u00f3 que desde hace m\u00e1s de un a\u00f1o los aires acondicionados del ala norte del edificio no sirven, ah\u00ed es donde se encuentran cuatro juzgados donde laboran cerca de 70 personas.<\/p>\n\n\n\n<p>\u201cEs una verdadera incompetencia de la persona que est\u00e9 a cargo de esto. Lamentablemente no solo ese es el problema, tambi\u00e9n existen goteras dentro del edificio, las instalaciones est\u00e1n en p\u00e9simo estado, pero ya inauguraron unas nuevas en Medell\u00edn, pero no es lo realmente se necesitan. Las instalaciones que se tienen son las que se deben dar mantenimiento, no solo por los usuarios, al final de cuentas son los justiciables, son los abogados, y son los propios empleados del Poder Judicial, los que realmente est\u00e1n vi\u00e9ndose afectados por esta situaci\u00f3n\u201d, asest\u00f3 Braulio Ter\u00e1n del Valle.<\/p>\n\n\n\n<p>Mencion\u00f3 que en el \u00faltimo a\u00f1o el Colegio de Abogados ha enviado al menos cuatro escritos donde hacen la solicitud de mejora de las instalaciones y la fecha que no dan respuesta favorable.<\/p>\n\n\n\n<p>\u201c\u00bfQu\u00e9 m\u00e1s podemos hacer?, ya se lo hemos pedido muy respetuoso, \u00bfahora tenemos que ir al Congreso a pedirle?, \u00bftenemos que denunciarlo a nivel nacional a nivel estatal?, ya lo hemos hecho (\u2026) la presidenta del Tribunal Superior y sus encargados del Poder Judicial, la Judicatura\u201d, expres\u00f3 Ter\u00e1n del Valle.<\/p>\n","protected":false},"excerpt":{"rendered":"<p>Alejandro \u00c1vila Veracruz, Ver.- Desde hace m\u00e1s de un a\u00f1o, el edificio sede de la Ciudad Judicial en Veracruz puerto, ubicado en la colonia Ortiz Rubio se encuentra olvidado y sin mantenimiento, situaci\u00f3n que afecta de decenas de empleados administrativos y litigantes que acuden diariamente el lugar a realizar tr\u00e1mites. El Colegio de Abogados realiz\u00f3 [&hellip;]<\/p>\n","protected":false},"author":1,"featured_media":12217,"comment_status":"open","ping_status":"open","sticky":false,"template":"","format":"standard","meta":{"_jetpack_memberships_contains_paid_content":false,"footnotes":""},"categories":[2],"tags":[],"class_list":["post-12216","post","type-post","status-publish","format-standard","has-post-thumbnail","hentry","category-estado"],"jetpack_featured_media_url":"https:\/\/encuentroinformativo.com.mx\/wp-content\/uploads\/2021\/03\/6705E3A2-F1B4-49E7-86FD-2945F1BF225F.jpeg","jetpack_sharing_enabled":true,"jetpack_likes_enabled":true,"amp_enabled":true,"_links":{"self":[{"href":"https:\/\/encuentroinformativo.com.mx\/index.php?rest_route=\/wp\/v2\/posts\/12216","targetHints":{"allow":["GET"]}}],"collection":[{"href":"https:\/\/encuentroinformativo.com.mx\/index.php?rest_route=\/wp\/v2\/posts"}],"about":[{"href":"https:\/\/encuentroinformativo.com.mx\/index.php?rest_route=\/wp\/v2\/types\/post"}],"author":[{"embeddable":true,"href":"https:\/\/encuentroinformativo.com.mx\/index.php?rest_route=\/wp\/v2\/users\/1"}],"replies":[{"embeddable":true,"href":"https:\/\/encuentroinformativo.com.mx\/index.php?rest_route=%2Fwp%2Fv2%2Fcomments&post=12216"}],"version-history":[{"count":1,"href":"https:\/\/encuentroinformativo.com.mx\/index.php?rest_route=\/wp\/v2\/posts\/12216\/revisions"}],"predecessor-version":[{"id":12218,"href":"https:\/\/encuentroinformativo.com.mx\/index.php?rest_route=\/wp\/v2\/posts\/12216\/revisions\/12218"}],"wp:featuredmedia":[{"embeddable":true,"href":"https:\/\/encuentroinformativo.com.mx\/index.php?rest_route=\/wp\/v2\/media\/12217"}],"wp:attachment":[{"href":"https:\/\/encuentroinformativo.com.mx\/index.php?rest_route=%2Fwp%2Fv2%2Fmedia&parent=12216"}],"wp:term":[{"taxonomy":"category","embeddable":true,"href":"https:\/\/encuentroinformativo.com.mx\/index.php?rest_route=%2Fwp%2Fv2%2Fcategories&post=12216"},{"taxonomy":"post_tag","embeddable":true,"href":"https:\/\/encuentroinformativo.com.mx\/index.php?rest_route=%2Fwp%2Fv2%2Ftags&post=12216"}],"curies":[{"name":"wp","href":"https:\/\/api.w.org\/{rel}","templated":true}]}}