{"id":12225,"date":"2021-03-23T09:41:56","date_gmt":"2021-03-23T15:41:56","guid":{"rendered":"https:\/\/encuentroinformativo.com.mx\/?p=12225"},"modified":"2021-03-23T09:41:59","modified_gmt":"2021-03-23T15:41:59","slug":"otro-ejecutado-en-coatepec","status":"publish","type":"post","link":"https:\/\/encuentroinformativo.com.mx\/?p=12225","title":{"rendered":"Otro ejecutado en Coatepec"},"content":{"rendered":"\n<p><strong>Juan Arcos<\/strong> <\/p>\n\n\n\n<p>Coatepec, Ver.- Un hombre fue asesinado a balazos en el municipio de Coatepec, durante la noche de este lunes 22 de marzo; se trata de otro hecho de violencia que ha causado alarma en el Pueblo M\u00e1gico.<\/p>\n\n\n\n<p>Los hechos ocurrieron despu\u00e9s de las 20:00 horas sobre la carretera Coatepec-Las Trancas, a la altura de la congregaci\u00f3n Puerto Rico.<\/p>\n\n\n\n<p>Un grupo armado abri\u00f3 fuego desde un veh\u00edculo en movimiento contra una persona que se encontraba a la orilla de la v\u00eda de comunicaci\u00f3n.<\/p>\n\n\n\n<p>El hombre asesinado es Armando \u201cN\u201d, de 43 a\u00f1os, y se especula que recibi\u00f3 m\u00e1s de diez impactos de bala, por lo que las graves lesiones ocasionaron su muerte.<\/p>\n\n\n\n<p>De acuerdo con testigos, quienes reportaron el suceso a los n\u00fameros de emergencia, los agresores huyeron con rapidez, dejando tendido en el piso al hombre herido.<\/p>\n\n\n\n<p>Param\u00e9dicos de Bomberos de Coatepec, al mando de su comandante Diego Solando Montano, llegaron para ayudar al lesionado y trasladarlo al hospital regional \u201cDoctor Luis F. Nach\u00f3n\u201d, ubicado en el centro de la ciudad de Xalapa.<\/p>\n\n\n\n<p>Sin embargo, por la p\u00e9rdida de sangre y la gravedad de las lesiones, falleci\u00f3 en el trayecto.<\/p>\n\n\n\n<p>Inmediatamente, elementos de la Secretar\u00eda de Seguridad P\u00fablica (SSP) y polic\u00edas municipales activaron un operativo en la zona para detener a los responsables del ataque, pero hasta el momento no han tenido \u00e9xito.<br>Personal de la Direcci\u00f3n General de Servicios Periciales tom\u00f3 conocimiento del caso e instruy\u00f3 el traslado del cuerpo al Servicio M\u00e9dico Forense (Semefo).<\/p>\n\n\n\n<p>Cabe recordar que en los \u00faltimos meses han sido asesinadas varias personas en el municipio de Coatepec, entre ellos un hombre dedicado a la venta de tamales en la esquina de las calles Quintana Roo y Hern\u00e1ndez y Hern\u00e1ndez, as\u00ed como tambi\u00e9n, un motociclista repartidor en el barrio de San Miguel.<\/p>\n","protected":false},"excerpt":{"rendered":"<p>Juan Arcos Coatepec, Ver.- Un hombre fue asesinado a balazos en el municipio de Coatepec, durante la noche de este lunes 22 de marzo; se trata de otro hecho de violencia que ha causado alarma en el Pueblo M\u00e1gico. Los hechos ocurrieron despu\u00e9s de las 20:00 horas sobre la carretera Coatepec-Las Trancas, a la altura [&hellip;]<\/p>\n","protected":false},"author":1,"featured_media":12226,"comment_status":"open","ping_status":"open","sticky":false,"template":"","format":"standard","meta":{"_jetpack_memberships_contains_paid_content":false,"footnotes":""},"categories":[14],"tags":[],"class_list":["post-12225","post","type-post","status-publish","format-standard","has-post-thumbnail","hentry","category-policiaca"],"jetpack_featured_media_url":"https:\/\/encuentroinformativo.com.mx\/wp-content\/uploads\/2021\/03\/95437803-6621-4ED3-9CD9-8EF75F6B11A2.jpeg","jetpack_sharing_enabled":true,"jetpack_likes_enabled":true,"amp_enabled":true,"_links":{"self":[{"href":"https:\/\/encuentroinformativo.com.mx\/index.php?rest_route=\/wp\/v2\/posts\/12225","targetHints":{"allow":["GET"]}}],"collection":[{"href":"https:\/\/encuentroinformativo.com.mx\/index.php?rest_route=\/wp\/v2\/posts"}],"about":[{"href":"https:\/\/encuentroinformativo.com.mx\/index.php?rest_route=\/wp\/v2\/types\/post"}],"author":[{"embeddable":true,"href":"https:\/\/encuentroinformativo.com.mx\/index.php?rest_route=\/wp\/v2\/users\/1"}],"replies":[{"embeddable":true,"href":"https:\/\/encuentroinformativo.com.mx\/index.php?rest_route=%2Fwp%2Fv2%2Fcomments&post=12225"}],"version-history":[{"count":1,"href":"https:\/\/encuentroinformativo.com.mx\/index.php?rest_route=\/wp\/v2\/posts\/12225\/revisions"}],"predecessor-version":[{"id":12227,"href":"https:\/\/encuentroinformativo.com.mx\/index.php?rest_route=\/wp\/v2\/posts\/12225\/revisions\/12227"}],"wp:featuredmedia":[{"embeddable":true,"href":"https:\/\/encuentroinformativo.com.mx\/index.php?rest_route=\/wp\/v2\/media\/12226"}],"wp:attachment":[{"href":"https:\/\/encuentroinformativo.com.mx\/index.php?rest_route=%2Fwp%2Fv2%2Fmedia&parent=12225"}],"wp:term":[{"taxonomy":"category","embeddable":true,"href":"https:\/\/encuentroinformativo.com.mx\/index.php?rest_route=%2Fwp%2Fv2%2Fcategories&post=12225"},{"taxonomy":"post_tag","embeddable":true,"href":"https:\/\/encuentroinformativo.com.mx\/index.php?rest_route=%2Fwp%2Fv2%2Ftags&post=12225"}],"curies":[{"name":"wp","href":"https:\/\/api.w.org\/{rel}","templated":true}]}}