{"id":12243,"date":"2021-03-23T14:16:16","date_gmt":"2021-03-23T20:16:16","guid":{"rendered":"https:\/\/encuentroinformativo.com.mx\/?p=12243"},"modified":"2021-03-23T14:16:20","modified_gmt":"2021-03-23T20:16:20","slug":"preparatoria-cerro-por-quedarse-sin-alumnos-directora","status":"publish","type":"post","link":"https:\/\/encuentroinformativo.com.mx\/?p=12243","title":{"rendered":"Preparatoria cerr\u00f3 por quedarse sin alumnos: Directora"},"content":{"rendered":"\n<p><strong>Juan Arcos <\/strong><\/p>\n\n\n\n<p>Coatepec, Ver.- La escuela de bachilleres particular \u201cEnrique Laubscher\u201d de Coatepec cerr\u00f3 sus puertas de manera temporal ante la p\u00e9rdida total de su matr\u00edcula por la pandemia del SARS-COV-2 (COVID-19).<\/p>\n\n\n\n<p>La directora de este plantel, Esperanza Contreras Ruiz, indic\u00f3 que el semestre pasado, de agosto de 2020 a enero de 2021, perdieron el 70 por ciento de la matr\u00edcula escolar y, para el nuevo ciclo, de enero a junio de este a\u00f1o, ya nadie se inscribi\u00f3, lo que ocasion\u00f3 la quiebra de esta escuela privada.<\/p>\n\n\n\n<p>Adem\u00e1s, destac\u00f3 que se contaba con una plantilla laboral de 22 personas: 18 docentes, dos secretarios, una prefecta y una intendente; sin embargo, todos tuvieron que ser despedidos.<\/p>\n\n\n\n<p>\u201cLa escuela depend\u00eda de la colegiatura de los alumnos, al no haber demanda, no tenemos recursos para poder solventar los gastos fijos\u201d.\u00a0<br>Por tal motivo, se entreg\u00f3 una solicitud formal a la Direcci\u00f3n General de Bachillerato de la Secretar\u00eda de Educaci\u00f3n de Veracruz (SEV) para el cierre temporal de la escuela, aunque hasta este momento no ha habido una respuesta.<\/p>\n\n\n\n<p>Recientemente, fue colocada una lona con el anuncio para la renta del inmueble, situaci\u00f3n que caus\u00f3 alarma en algunas madres y padres de familia.<\/p>\n\n\n\n<p>La entrevistada detall\u00f3 que los padres de familia fueron notificados desde diciembre pasado sobre el cierre temporal de la instituci\u00f3n por la crisis financiera, derivada de la emergencia sanitaria.<\/p>\n\n\n\n<p>\u201cA todos se les comunic\u00f3. Antes de que se cerrara tuvimos reuniones con los padres de familia para comunicarles lo que iba a pasar\u201d.\u00a0<br>A\u00f1adi\u00f3 que algunos padres de familia no accedieron a dicha informaci\u00f3n porque no acudieron a las reuniones con directivos, bajo el pretexto de que no tuvieron autorizaci\u00f3n en su trabajo.<\/p>\n\n\n\n<p>La acad\u00e9mica mencion\u00f3 que las constancias para los estudiantes y los certificados para los alumnos del sexto semestre se encuentran en tr\u00e1mite, en la Secretar\u00eda de Educaci\u00f3n de Veracruz y, hasta el momento, no hay fecha de entrega.<\/p>\n\n\n\n<p>Contreras Ruiz pidi\u00f3 a los padres de familia, que tengan dudas con la documentaci\u00f3n de los estudiantes, que acudan a las instalaciones de la escuela, ubicada sobre la calle Xicot\u00e9ncatl n\u00famero 35 de colonia El Porvenir, en dicho Pueblo M\u00e1gico.<\/p>\n\n\n\n<p>Tambi\u00e9n puso a disposici\u00f3n el n\u00famero 2284984722, l\u00ednea telef\u00f3nica donde se ha brindado la atenci\u00f3n a todos los padres de familia.<\/p>\n","protected":false},"excerpt":{"rendered":"<p>Juan Arcos Coatepec, Ver.- La escuela de bachilleres particular \u201cEnrique Laubscher\u201d de Coatepec cerr\u00f3 sus puertas de manera temporal ante la p\u00e9rdida total de su matr\u00edcula por la pandemia del SARS-COV-2 (COVID-19). La directora de este plantel, Esperanza Contreras Ruiz, indic\u00f3 que el semestre pasado, de agosto de 2020 a enero de 2021, perdieron el [&hellip;]<\/p>\n","protected":false},"author":1,"featured_media":12244,"comment_status":"open","ping_status":"open","sticky":false,"template":"","format":"standard","meta":{"_jetpack_memberships_contains_paid_content":false,"footnotes":""},"categories":[8],"tags":[],"class_list":["post-12243","post","type-post","status-publish","format-standard","has-post-thumbnail","hentry","category-region"],"jetpack_featured_media_url":"https:\/\/encuentroinformativo.com.mx\/wp-content\/uploads\/2021\/03\/37AC891B-F6CF-4F13-BBF8-7593DE2E09AC.jpeg","jetpack_sharing_enabled":true,"jetpack_likes_enabled":true,"amp_enabled":true,"_links":{"self":[{"href":"https:\/\/encuentroinformativo.com.mx\/index.php?rest_route=\/wp\/v2\/posts\/12243","targetHints":{"allow":["GET"]}}],"collection":[{"href":"https:\/\/encuentroinformativo.com.mx\/index.php?rest_route=\/wp\/v2\/posts"}],"about":[{"href":"https:\/\/encuentroinformativo.com.mx\/index.php?rest_route=\/wp\/v2\/types\/post"}],"author":[{"embeddable":true,"href":"https:\/\/encuentroinformativo.com.mx\/index.php?rest_route=\/wp\/v2\/users\/1"}],"replies":[{"embeddable":true,"href":"https:\/\/encuentroinformativo.com.mx\/index.php?rest_route=%2Fwp%2Fv2%2Fcomments&post=12243"}],"version-history":[{"count":1,"href":"https:\/\/encuentroinformativo.com.mx\/index.php?rest_route=\/wp\/v2\/posts\/12243\/revisions"}],"predecessor-version":[{"id":12245,"href":"https:\/\/encuentroinformativo.com.mx\/index.php?rest_route=\/wp\/v2\/posts\/12243\/revisions\/12245"}],"wp:featuredmedia":[{"embeddable":true,"href":"https:\/\/encuentroinformativo.com.mx\/index.php?rest_route=\/wp\/v2\/media\/12244"}],"wp:attachment":[{"href":"https:\/\/encuentroinformativo.com.mx\/index.php?rest_route=%2Fwp%2Fv2%2Fmedia&parent=12243"}],"wp:term":[{"taxonomy":"category","embeddable":true,"href":"https:\/\/encuentroinformativo.com.mx\/index.php?rest_route=%2Fwp%2Fv2%2Fcategories&post=12243"},{"taxonomy":"post_tag","embeddable":true,"href":"https:\/\/encuentroinformativo.com.mx\/index.php?rest_route=%2Fwp%2Fv2%2Ftags&post=12243"}],"curies":[{"name":"wp","href":"https:\/\/api.w.org\/{rel}","templated":true}]}}