{"id":12255,"date":"2021-03-23T15:38:13","date_gmt":"2021-03-23T21:38:13","guid":{"rendered":"https:\/\/encuentroinformativo.com.mx\/?p=12255"},"modified":"2021-03-23T15:38:16","modified_gmt":"2021-03-23T21:38:16","slug":"se-separa-ricardo-ahued-del-senado-va-por-la-alcaldia","status":"publish","type":"post","link":"https:\/\/encuentroinformativo.com.mx\/?p=12255","title":{"rendered":"Se separa Ricardo Ahued del Senado, va por la Alcald\u00eda"},"content":{"rendered":"\n<p><strong>Redacci\u00f3n<\/strong> <\/p>\n\n\n\n<p>Xalapa, Ver.- Durante la sesi\u00f3n de este martes el Senado de la Rep\u00fablica aprob\u00f3 la licencia por tiempo \u201cindefinido\u201d del senador por Veracruz, Ricardo Ahued Bardahuil.<\/p>\n\n\n\n<p>La licencia estar\u00e1 vigente a partir del 31 de marzo para que el legislador est\u00e9 en condiciones de aspirar a la candidatura a la alcald\u00eda de Xalapa por Morena.<\/p>\n\n\n\n<p>Durante la sesi\u00f3n, el empresario xalape\u00f1o recibi\u00f3 el reconocimiento de sus compa\u00f1eros en la C\u00e1mara Alta de distintos partidos pol\u00edticos quienes lo catalogaron como \u201cun hombre que prestigia la pol\u00edtica\u201d.<\/p>\n\n\n\n<p>Por su parte, Ahued Bardahuil al hacer uso de la voz record\u00f3 que para \u00e9l la pol\u00edtica es para servir y no para servirse. <\/p>\n\n\n\n<p>\u201cSeguro no les voy a defraudar porque yo la pol\u00edtica la veo como un acto de servir y no servirse, no me anima el poder por el poder para atropellar, para robar o para deteriorar la imagen pol\u00edtica que persiste en nuestro pa\u00eds&#8230; de ser electo y si me consideran que puedo abanderar esta causa lo har\u00e9 siempre con la cara en alto\u201d. <\/p>\n","protected":false},"excerpt":{"rendered":"<p>Redacci\u00f3n Xalapa, Ver.- Durante la sesi\u00f3n de este martes el Senado de la Rep\u00fablica aprob\u00f3 la licencia por tiempo \u201cindefinido\u201d del senador por Veracruz, Ricardo Ahued Bardahuil. La licencia estar\u00e1 vigente a partir del 31 de marzo para que el legislador est\u00e9 en condiciones de aspirar a la candidatura a la alcald\u00eda de Xalapa por [&hellip;]<\/p>\n","protected":false},"author":1,"featured_media":6569,"comment_status":"open","ping_status":"open","sticky":false,"template":"","format":"standard","meta":{"_jetpack_memberships_contains_paid_content":false,"footnotes":""},"categories":[3],"tags":[],"class_list":["post-12255","post","type-post","status-publish","format-standard","has-post-thumbnail","hentry","category-xalapa"],"jetpack_featured_media_url":"https:\/\/encuentroinformativo.com.mx\/wp-content\/uploads\/2020\/10\/73467A21-21E1-49AA-A828-07B4BA383C3C.jpeg","jetpack_sharing_enabled":true,"jetpack_likes_enabled":true,"amp_enabled":true,"_links":{"self":[{"href":"https:\/\/encuentroinformativo.com.mx\/index.php?rest_route=\/wp\/v2\/posts\/12255","targetHints":{"allow":["GET"]}}],"collection":[{"href":"https:\/\/encuentroinformativo.com.mx\/index.php?rest_route=\/wp\/v2\/posts"}],"about":[{"href":"https:\/\/encuentroinformativo.com.mx\/index.php?rest_route=\/wp\/v2\/types\/post"}],"author":[{"embeddable":true,"href":"https:\/\/encuentroinformativo.com.mx\/index.php?rest_route=\/wp\/v2\/users\/1"}],"replies":[{"embeddable":true,"href":"https:\/\/encuentroinformativo.com.mx\/index.php?rest_route=%2Fwp%2Fv2%2Fcomments&post=12255"}],"version-history":[{"count":1,"href":"https:\/\/encuentroinformativo.com.mx\/index.php?rest_route=\/wp\/v2\/posts\/12255\/revisions"}],"predecessor-version":[{"id":12256,"href":"https:\/\/encuentroinformativo.com.mx\/index.php?rest_route=\/wp\/v2\/posts\/12255\/revisions\/12256"}],"wp:featuredmedia":[{"embeddable":true,"href":"https:\/\/encuentroinformativo.com.mx\/index.php?rest_route=\/wp\/v2\/media\/6569"}],"wp:attachment":[{"href":"https:\/\/encuentroinformativo.com.mx\/index.php?rest_route=%2Fwp%2Fv2%2Fmedia&parent=12255"}],"wp:term":[{"taxonomy":"category","embeddable":true,"href":"https:\/\/encuentroinformativo.com.mx\/index.php?rest_route=%2Fwp%2Fv2%2Fcategories&post=12255"},{"taxonomy":"post_tag","embeddable":true,"href":"https:\/\/encuentroinformativo.com.mx\/index.php?rest_route=%2Fwp%2Fv2%2Ftags&post=12255"}],"curies":[{"name":"wp","href":"https:\/\/api.w.org\/{rel}","templated":true}]}}