{"id":12271,"date":"2021-03-24T12:45:43","date_gmt":"2021-03-24T18:45:43","guid":{"rendered":"https:\/\/encuentroinformativo.com.mx\/?p=12271"},"modified":"2021-03-24T12:45:47","modified_gmt":"2021-03-24T18:45:47","slug":"ople-decidira-si-ayuntamiento-de-veracruz-puede-continuar-con-miercoles-ciudadano","status":"publish","type":"post","link":"https:\/\/encuentroinformativo.com.mx\/?p=12271","title":{"rendered":"OPLE decidir\u00e1 si Ayuntamiento de Veracruz puede continuar con &#8220;Miercoles Ciudadano&#8221;"},"content":{"rendered":"\n<p><strong>Alejandro \u00c1vila<\/strong><\/p>\n\n\n\n<p>Veracruz, Ver.- A partir del primer d\u00eda del mes de abril inicia la veda electoral y por lo tanto los alcaldes y gobernadores dejar\u00e1n de hacer promoci\u00f3n mediatica de obras p\u00fablicas y entrega de programas sociales.<\/p>\n\n\n\n<p>Ante esta situaci\u00f3n, el alcalde de Veracruz, Fernando Yunes M\u00e1rquez, mencion\u00f3 que ya enviaron un documento al Organismo P\u00fablico Local Electoral (OPLE) para que les confirme si pueden continuar realizando el programa &#8220;Miercoles Ciudadano&#8221; que en la actualidad y por la pandemia se realiza de forma virtual y no presencial.<\/p>\n\n\n\n<p>Es de recordar que este programa se ejecuta desde inicios de la administraci\u00f3n y es donde los ciudadanos entregan de forma f\u00edsica a los directores del Ayuntamiento o al mismo alcalde, las solicitudes de obra p\u00fablica, bacheo, alumbrado, entre otras gestiones sociales.<\/p>\n\n\n\n<p>&#8220;Estamos esperando que el OPLE nos pueda responder, a\u00fan as\u00ed digamos, todo lo que es gesti\u00f3n puede seguirse atendiendo a trav\u00e9s de los n\u00fameros del Ayuntamiento, queremos saber si el evento como tal, Miercoles Ciudadano que hemos hecho a trav\u00e9s de las redes como ustedes saben, lo podemos seguir haciendo o no, todav\u00eda estamos esperando que el OPLE nos pueda responder&#8221;, apunt\u00f3.<\/p>\n\n\n\n<p>En cuanto al &#8220;apag\u00f3n&#8221; de luz que se dio la noche de este martes, mencion\u00f3 que desconoce el n\u00famero de colonias afectadas aunque se estiman m\u00e1s de 10, en cambio s\u00ed le se\u00f1alaron que poco m\u00e1s de 20 mil personas fueron las que sufrieron el corte de luz, en algunos casos hasta esta ma\u00f1ana.<\/p>\n","protected":false},"excerpt":{"rendered":"<p>Alejandro \u00c1vila Veracruz, Ver.- A partir del primer d\u00eda del mes de abril inicia la veda electoral y por lo tanto los alcaldes y gobernadores dejar\u00e1n de hacer promoci\u00f3n mediatica de obras p\u00fablicas y entrega de programas sociales. Ante esta situaci\u00f3n, el alcalde de Veracruz, Fernando Yunes M\u00e1rquez, mencion\u00f3 que ya enviaron un documento al [&hellip;]<\/p>\n","protected":false},"author":1,"featured_media":12272,"comment_status":"open","ping_status":"open","sticky":false,"template":"","format":"standard","meta":{"_jetpack_memberships_contains_paid_content":false,"footnotes":""},"categories":[2],"tags":[],"class_list":["post-12271","post","type-post","status-publish","format-standard","has-post-thumbnail","hentry","category-estado"],"jetpack_featured_media_url":"https:\/\/encuentroinformativo.com.mx\/wp-content\/uploads\/2021\/03\/606DE413-9B5F-4B2B-8319-CB7A3D1C612F.jpeg","jetpack_sharing_enabled":true,"jetpack_likes_enabled":true,"amp_enabled":true,"_links":{"self":[{"href":"https:\/\/encuentroinformativo.com.mx\/index.php?rest_route=\/wp\/v2\/posts\/12271","targetHints":{"allow":["GET"]}}],"collection":[{"href":"https:\/\/encuentroinformativo.com.mx\/index.php?rest_route=\/wp\/v2\/posts"}],"about":[{"href":"https:\/\/encuentroinformativo.com.mx\/index.php?rest_route=\/wp\/v2\/types\/post"}],"author":[{"embeddable":true,"href":"https:\/\/encuentroinformativo.com.mx\/index.php?rest_route=\/wp\/v2\/users\/1"}],"replies":[{"embeddable":true,"href":"https:\/\/encuentroinformativo.com.mx\/index.php?rest_route=%2Fwp%2Fv2%2Fcomments&post=12271"}],"version-history":[{"count":1,"href":"https:\/\/encuentroinformativo.com.mx\/index.php?rest_route=\/wp\/v2\/posts\/12271\/revisions"}],"predecessor-version":[{"id":12273,"href":"https:\/\/encuentroinformativo.com.mx\/index.php?rest_route=\/wp\/v2\/posts\/12271\/revisions\/12273"}],"wp:featuredmedia":[{"embeddable":true,"href":"https:\/\/encuentroinformativo.com.mx\/index.php?rest_route=\/wp\/v2\/media\/12272"}],"wp:attachment":[{"href":"https:\/\/encuentroinformativo.com.mx\/index.php?rest_route=%2Fwp%2Fv2%2Fmedia&parent=12271"}],"wp:term":[{"taxonomy":"category","embeddable":true,"href":"https:\/\/encuentroinformativo.com.mx\/index.php?rest_route=%2Fwp%2Fv2%2Fcategories&post=12271"},{"taxonomy":"post_tag","embeddable":true,"href":"https:\/\/encuentroinformativo.com.mx\/index.php?rest_route=%2Fwp%2Fv2%2Ftags&post=12271"}],"curies":[{"name":"wp","href":"https:\/\/api.w.org\/{rel}","templated":true}]}}