{"id":12274,"date":"2021-03-24T12:56:29","date_gmt":"2021-03-24T18:56:29","guid":{"rendered":"https:\/\/encuentroinformativo.com.mx\/?p=12274"},"modified":"2021-03-24T12:56:32","modified_gmt":"2021-03-24T18:56:32","slug":"irresponsable-no-concretar-alianza-para-xalapa-prd","status":"publish","type":"post","link":"https:\/\/encuentroinformativo.com.mx\/?p=12274","title":{"rendered":"Irresponsable no concretar alianza para Xalapa: PRD"},"content":{"rendered":"\n<p><strong>Juan Arcos<\/strong> <\/p>\n\n\n\n<p>Xalapa, Ver.- El dirigente estatal del Partido de la Revoluci\u00f3n Democr\u00e1tica (PRD), Sergio Cadena Mart\u00ednez, consider\u00f3 que ser\u00eda una \u201cgran irresponsabilidad\u201d no concretar la alianza \u201cVeracruz Va\u201d en Xalapa.<\/p>\n\n\n\n<p>En conferencia de prensa, el l\u00edder del Sol Azteca en Veracruz indic\u00f3 que el plazo es hasta el pr\u00f3ximo viernes 26 de marzo para concretar la coalici\u00f3n con los partidos Acci\u00f3n Nacional (PAN) y Revolucionario Institucional (PRI).<\/p>\n\n\n\n<p>En ese sentido, refiri\u00f3 que el tema est\u00e1 detenido por la anuencia del Partido Acci\u00f3n Nacional (PAN), que ha abanderado a Sergio Hern\u00e1ndez Hern\u00e1ndez como candidato panista a la alcald\u00eda de Xalapa.<\/p>\n\n\n\n<p>&#8220;Ser\u00eda una gran irresponsabilidad si Xalapa no va en alianza. Honestamente s\u00ed se requiere la alianza para ganar. Estoy convencido que si unimos fuerza los tres institutos pol\u00edticos podemos obtener el triunfo&#8221;, expres\u00f3.<\/p>\n\n\n\n<p>El dirigente perredista opin\u00f3 que ser\u00eda una \u201cgran decepci\u00f3n\u201d para la poblaci\u00f3n xalape\u00f1a, quien, a su juicio, tiene la voluntad de cambiar al gobierno.<\/p>\n\n\n\n<p>Cadena Mart\u00ednez dio a conocer que en caso de que no se concrete la alianza no se da por perdida la elecci\u00f3n del domingo6 de junio.<\/p>\n\n\n\n<p>Adem\u00e1s, coment\u00f3 que, en caso de que no vaya la alianza, el PRD tiene candidatos fuertes que podr\u00edan competir por la alcald\u00eda de Xalapa.<\/p>\n","protected":false},"excerpt":{"rendered":"<p>Juan Arcos Xalapa, Ver.- El dirigente estatal del Partido de la Revoluci\u00f3n Democr\u00e1tica (PRD), Sergio Cadena Mart\u00ednez, consider\u00f3 que ser\u00eda una \u201cgran irresponsabilidad\u201d no concretar la alianza \u201cVeracruz Va\u201d en Xalapa. En conferencia de prensa, el l\u00edder del Sol Azteca en Veracruz indic\u00f3 que el plazo es hasta el pr\u00f3ximo viernes 26 de marzo para [&hellip;]<\/p>\n","protected":false},"author":1,"featured_media":12275,"comment_status":"open","ping_status":"open","sticky":false,"template":"","format":"standard","meta":{"_jetpack_memberships_contains_paid_content":false,"footnotes":""},"categories":[3],"tags":[],"class_list":["post-12274","post","type-post","status-publish","format-standard","has-post-thumbnail","hentry","category-xalapa"],"jetpack_featured_media_url":"https:\/\/encuentroinformativo.com.mx\/wp-content\/uploads\/2021\/03\/AFA959D8-5187-448A-A170-6BBAE54FC44C.jpeg","jetpack_sharing_enabled":true,"jetpack_likes_enabled":true,"amp_enabled":true,"_links":{"self":[{"href":"https:\/\/encuentroinformativo.com.mx\/index.php?rest_route=\/wp\/v2\/posts\/12274","targetHints":{"allow":["GET"]}}],"collection":[{"href":"https:\/\/encuentroinformativo.com.mx\/index.php?rest_route=\/wp\/v2\/posts"}],"about":[{"href":"https:\/\/encuentroinformativo.com.mx\/index.php?rest_route=\/wp\/v2\/types\/post"}],"author":[{"embeddable":true,"href":"https:\/\/encuentroinformativo.com.mx\/index.php?rest_route=\/wp\/v2\/users\/1"}],"replies":[{"embeddable":true,"href":"https:\/\/encuentroinformativo.com.mx\/index.php?rest_route=%2Fwp%2Fv2%2Fcomments&post=12274"}],"version-history":[{"count":1,"href":"https:\/\/encuentroinformativo.com.mx\/index.php?rest_route=\/wp\/v2\/posts\/12274\/revisions"}],"predecessor-version":[{"id":12276,"href":"https:\/\/encuentroinformativo.com.mx\/index.php?rest_route=\/wp\/v2\/posts\/12274\/revisions\/12276"}],"wp:featuredmedia":[{"embeddable":true,"href":"https:\/\/encuentroinformativo.com.mx\/index.php?rest_route=\/wp\/v2\/media\/12275"}],"wp:attachment":[{"href":"https:\/\/encuentroinformativo.com.mx\/index.php?rest_route=%2Fwp%2Fv2%2Fmedia&parent=12274"}],"wp:term":[{"taxonomy":"category","embeddable":true,"href":"https:\/\/encuentroinformativo.com.mx\/index.php?rest_route=%2Fwp%2Fv2%2Fcategories&post=12274"},{"taxonomy":"post_tag","embeddable":true,"href":"https:\/\/encuentroinformativo.com.mx\/index.php?rest_route=%2Fwp%2Fv2%2Ftags&post=12274"}],"curies":[{"name":"wp","href":"https:\/\/api.w.org\/{rel}","templated":true}]}}