{"id":12280,"date":"2021-03-24T13:18:11","date_gmt":"2021-03-24T19:18:11","guid":{"rendered":"https:\/\/encuentroinformativo.com.mx\/?p=12280"},"modified":"2021-03-24T13:18:14","modified_gmt":"2021-03-24T19:18:14","slug":"aprueban-a-tecnologico-de-poza-rica-como-almacen-de-vacuna-covid","status":"publish","type":"post","link":"https:\/\/encuentroinformativo.com.mx\/?p=12280","title":{"rendered":"Aprueban a Tecnol\u00f3gico de Poza Rica como almacen de vacuna COVID"},"content":{"rendered":"\n<p><strong>Alejandro \u00c1vila<\/strong><\/p>\n\n\n\n<p>Poza Rica, Ver.- El Instituto Tecnol\u00f3gico Superior de Poza Rica fue aprobado como parte de la red de ultracongeladores para almacenar la vacuna contra COVID-19 durante las pr\u00f3ximas jornadas en municipios del norte de la entidad.<\/p>\n\n\n\n<p>Hace unos d\u00edas, el secretario de Salud, Roberto Ramos Alor, visit\u00f3 el plantel educativo y supervis\u00f3 las instalaciones, hace apenas unas horas, fue el propio gobernador, Cuitlahuac Garc\u00eda Jim\u00e9nez, quien confirm\u00f3 el Instituto Tecnol\u00f3gico Superior de Poza Rica, se adhiere a la red de ultracongeladores de vacunas en Veracruz.<\/p>\n\n\n\n<p>En el anuncio se aclar\u00f3 que, el ultracongelador de ITSPR, pas\u00f3 la etapa de pruebas y dio cumplimiento de la normativa operativa.&nbsp;<\/p>\n\n\n\n<p>A decir de la Organizaci\u00f3n Mundial de la Salud (OMS), la vacuna de la marca Pfizer debe estar a una temperatura de entre -80\u00baC y -60 grados cent\u00edgrados, para que esta se pueda conservar en buen estado.<\/p>\n\n\n\n<p>Finalmente, se dijo tambi\u00e9n que a partir del 29 de marzo se iniciar\u00e1 la vacunaci\u00f3n contra el Covid-19 a los adultos mayores en Papantla, Coatzacoalcos, Cosamaloapan, J\u00e1ltipan y Soledad de Doblado.<\/p>\n","protected":false},"excerpt":{"rendered":"<p>Alejandro \u00c1vila Poza Rica, Ver.- El Instituto Tecnol\u00f3gico Superior de Poza Rica fue aprobado como parte de la red de ultracongeladores para almacenar la vacuna contra COVID-19 durante las pr\u00f3ximas jornadas en municipios del norte de la entidad. Hace unos d\u00edas, el secretario de Salud, Roberto Ramos Alor, visit\u00f3 el plantel educativo y supervis\u00f3 las [&hellip;]<\/p>\n","protected":false},"author":1,"featured_media":12281,"comment_status":"open","ping_status":"open","sticky":false,"template":"","format":"standard","meta":{"_jetpack_memberships_contains_paid_content":false,"footnotes":""},"categories":[9],"tags":[],"class_list":["post-12280","post","type-post","status-publish","format-standard","has-post-thumbnail","hentry","category-salud"],"jetpack_featured_media_url":"https:\/\/encuentroinformativo.com.mx\/wp-content\/uploads\/2021\/03\/96C2E714-F511-40E6-AA31-5916AFFC41BF.jpeg","jetpack_sharing_enabled":true,"jetpack_likes_enabled":true,"amp_enabled":true,"_links":{"self":[{"href":"https:\/\/encuentroinformativo.com.mx\/index.php?rest_route=\/wp\/v2\/posts\/12280","targetHints":{"allow":["GET"]}}],"collection":[{"href":"https:\/\/encuentroinformativo.com.mx\/index.php?rest_route=\/wp\/v2\/posts"}],"about":[{"href":"https:\/\/encuentroinformativo.com.mx\/index.php?rest_route=\/wp\/v2\/types\/post"}],"author":[{"embeddable":true,"href":"https:\/\/encuentroinformativo.com.mx\/index.php?rest_route=\/wp\/v2\/users\/1"}],"replies":[{"embeddable":true,"href":"https:\/\/encuentroinformativo.com.mx\/index.php?rest_route=%2Fwp%2Fv2%2Fcomments&post=12280"}],"version-history":[{"count":1,"href":"https:\/\/encuentroinformativo.com.mx\/index.php?rest_route=\/wp\/v2\/posts\/12280\/revisions"}],"predecessor-version":[{"id":12282,"href":"https:\/\/encuentroinformativo.com.mx\/index.php?rest_route=\/wp\/v2\/posts\/12280\/revisions\/12282"}],"wp:featuredmedia":[{"embeddable":true,"href":"https:\/\/encuentroinformativo.com.mx\/index.php?rest_route=\/wp\/v2\/media\/12281"}],"wp:attachment":[{"href":"https:\/\/encuentroinformativo.com.mx\/index.php?rest_route=%2Fwp%2Fv2%2Fmedia&parent=12280"}],"wp:term":[{"taxonomy":"category","embeddable":true,"href":"https:\/\/encuentroinformativo.com.mx\/index.php?rest_route=%2Fwp%2Fv2%2Fcategories&post=12280"},{"taxonomy":"post_tag","embeddable":true,"href":"https:\/\/encuentroinformativo.com.mx\/index.php?rest_route=%2Fwp%2Fv2%2Ftags&post=12280"}],"curies":[{"name":"wp","href":"https:\/\/api.w.org\/{rel}","templated":true}]}}