{"id":12283,"date":"2021-03-24T13:26:19","date_gmt":"2021-03-24T19:26:19","guid":{"rendered":"https:\/\/encuentroinformativo.com.mx\/?p=12283"},"modified":"2021-03-24T13:26:23","modified_gmt":"2021-03-24T19:26:23","slug":"previo-a-vacaciones-capacitan-a-pc-de-nautla-en-rescate-acuatico","status":"publish","type":"post","link":"https:\/\/encuentroinformativo.com.mx\/?p=12283","title":{"rendered":"Previo a vacaciones, capacitan a PC de Nautla en rescate acu\u00e1tico"},"content":{"rendered":"\n<p><strong>Alejandro \u00c1vila<\/strong><\/p>\n\n\n\n<p>Nautla, Ver.- Elementos de Protecci\u00f3n Civil del municipio de Nautla iniciaron la capacitaci\u00f3n del curso &#8220;Rescate Acu\u00e1tico&#8221; nivel 1, mismo que impartio la Secretar\u00eda de Protecci\u00f3n Civil del Estado de Veracruz.<\/p>\n\n\n\n<p>Esta acci\u00f3n fortalecer\u00e1 las t\u00e9cnicas de operaci\u00f3n de los elementos de cara a la Semana Santa, en uno de los lugares con playa m\u00e1s visitados de toda la entidad veracruzana.<\/p>\n\n\n\n<p>&#8220;Ante la pr\u00f3xima temporada de Semana Santa, esta ma\u00f1ana el Departamento de Protecci\u00f3n Civil acudi\u00f3 al curso de Rescate Acu\u00e1tico Nivel 1 a cargo de la Secretar\u00eda de Protecci\u00f3n Civil del Estado de Veracruz, impartido por los adiestradores de salvavidas, Jos\u00e9 Adri\u00e1n Hern\u00e1ndez Hern\u00e1ndez, Edgar Hern\u00e1ndez L\u00f3pez y Jos\u00e9 Alonso G\u00f3mez Fuentes Villa&#8221;, se\u00f1alaron en sus redes sociales.<\/p>\n\n\n\n<p>El municipio de Nautla a trav\u00e9s de su alcalde, inform\u00f3 que sus playas estar\u00e1n abiertas para todos los visitantes, aunque se tomar\u00e1n las medidas preventivas contra el COVID-19.<\/p>\n","protected":false},"excerpt":{"rendered":"<p>Alejandro \u00c1vila Nautla, Ver.- Elementos de Protecci\u00f3n Civil del municipio de Nautla iniciaron la capacitaci\u00f3n del curso &#8220;Rescate Acu\u00e1tico&#8221; nivel 1, mismo que impartio la Secretar\u00eda de Protecci\u00f3n Civil del Estado de Veracruz. Esta acci\u00f3n fortalecer\u00e1 las t\u00e9cnicas de operaci\u00f3n de los elementos de cara a la Semana Santa, en uno de los lugares con [&hellip;]<\/p>\n","protected":false},"author":1,"featured_media":12284,"comment_status":"open","ping_status":"open","sticky":false,"template":"","format":"standard","meta":{"_jetpack_memberships_contains_paid_content":false,"footnotes":""},"categories":[2],"tags":[],"class_list":["post-12283","post","type-post","status-publish","format-standard","has-post-thumbnail","hentry","category-estado"],"jetpack_featured_media_url":"https:\/\/encuentroinformativo.com.mx\/wp-content\/uploads\/2021\/03\/3857ECDF-5C1B-405F-A43D-7D41166DFF5C.jpeg","jetpack_sharing_enabled":true,"jetpack_likes_enabled":true,"amp_enabled":true,"_links":{"self":[{"href":"https:\/\/encuentroinformativo.com.mx\/index.php?rest_route=\/wp\/v2\/posts\/12283","targetHints":{"allow":["GET"]}}],"collection":[{"href":"https:\/\/encuentroinformativo.com.mx\/index.php?rest_route=\/wp\/v2\/posts"}],"about":[{"href":"https:\/\/encuentroinformativo.com.mx\/index.php?rest_route=\/wp\/v2\/types\/post"}],"author":[{"embeddable":true,"href":"https:\/\/encuentroinformativo.com.mx\/index.php?rest_route=\/wp\/v2\/users\/1"}],"replies":[{"embeddable":true,"href":"https:\/\/encuentroinformativo.com.mx\/index.php?rest_route=%2Fwp%2Fv2%2Fcomments&post=12283"}],"version-history":[{"count":1,"href":"https:\/\/encuentroinformativo.com.mx\/index.php?rest_route=\/wp\/v2\/posts\/12283\/revisions"}],"predecessor-version":[{"id":12285,"href":"https:\/\/encuentroinformativo.com.mx\/index.php?rest_route=\/wp\/v2\/posts\/12283\/revisions\/12285"}],"wp:featuredmedia":[{"embeddable":true,"href":"https:\/\/encuentroinformativo.com.mx\/index.php?rest_route=\/wp\/v2\/media\/12284"}],"wp:attachment":[{"href":"https:\/\/encuentroinformativo.com.mx\/index.php?rest_route=%2Fwp%2Fv2%2Fmedia&parent=12283"}],"wp:term":[{"taxonomy":"category","embeddable":true,"href":"https:\/\/encuentroinformativo.com.mx\/index.php?rest_route=%2Fwp%2Fv2%2Fcategories&post=12283"},{"taxonomy":"post_tag","embeddable":true,"href":"https:\/\/encuentroinformativo.com.mx\/index.php?rest_route=%2Fwp%2Fv2%2Ftags&post=12283"}],"curies":[{"name":"wp","href":"https:\/\/api.w.org\/{rel}","templated":true}]}}