{"id":12289,"date":"2021-03-24T14:59:34","date_gmt":"2021-03-24T20:59:34","guid":{"rendered":"https:\/\/encuentroinformativo.com.mx\/?p=12289"},"modified":"2021-03-24T14:59:37","modified_gmt":"2021-03-24T20:59:37","slug":"renuncio-rebeca-quintanar-al-dif-estatal","status":"publish","type":"post","link":"https:\/\/encuentroinformativo.com.mx\/?p=12289","title":{"rendered":"Renunci\u00f3 Rebeca Quintanar al DIF Estatal"},"content":{"rendered":"\n<p><strong>Juan Arcos <\/strong><\/p>\n\n\n\n<p>Xalapa, Ver.- El gobernador Cuitl\u00e1huac Garc\u00eda Jim\u00e9nez confirm\u00f3 la renuncia de Rebeca Quintanar Barcel\u00f3 al Sistema para el Desarrollo Integral de la Familia (DIF) de Veracruz, por motivos personales.<\/p>\n\n\n\n<p>En su visita al municipio de Chalcaltianguis, el mandatario estatal dio a conocer que ha sido nombrada como encargada de despacho Georgina Beatriz Victory Fern\u00e1ndez, a partir de este mi\u00e9rcoles 24 de marzo.<\/p>\n\n\n\n<p>\u201cEs una renuncia por motivos personales, va a atender una situaci\u00f3n personal, le ped\u00ed que no dejara de contactar a los amigos y amigas, a un servidor, que estaremos a su disposici\u00f3n y muy agradecido por la entrega, marc\u00f3 historia, dej\u00f3 huella en el DIF Estatal. Te acepto la renuncia, no me queda de otra\u201d, expres\u00f3.<\/p>\n\n\n\n<p>El titular del Poder Ejecutivo en Veracruz pidi\u00f3 a la nueva encargada de despacho pidi\u00f3 seguir trabajando en el DIF Estatal, pero sin caer en promoci\u00f3n indebida durante este proceso electoral.<\/p>\n\n\n\n<p>\u201cVamos a ser el nombramiento de encargada de despacho, ya despu\u00e9s haremos el anuncio de qui\u00e9n quedar\u00eda al frente del DIF, por ahora le agradezco mucho a Georgina Victory, ella estar\u00e1 como encargada del DIF estatal, tambi\u00e9n entregada\u201d, agreg\u00f3.<\/p>\n\n\n\n<p>Garc\u00eda Jim\u00e9nez indic\u00f3 que Victory Fern\u00e1ndez forma parte del equipo de trabajo de Rebeca Quintanar y, por ello, hay confianza en su buen desempe\u00f1o en dicha dependencia.<\/p>\n\n\n\n<p>Cabe recordar que se trata de la tercera persona que llega al frente del DIF estatal, siendo Ver\u00f3nica Aguilera Tapia, la primera en renunciar al cargo, en marzo de 2020.<\/p>\n\n\n\n<p>El Gobernador de Veracruz asegur\u00f3 que se seguir\u00e1 trabajando en los \u201crincones m\u00e1s alejados de la entidad\u201d, para llevar el bienestar a la poblaci\u00f3n.&nbsp;<\/p>\n\n\n\n<p>Adem\u00e1s, enfatiz\u00f3 que su gobierno le est\u00e1 apostando a una manera diferente de atender temas como la inseguridad. A su juicio, es necesario mejorar las condiciones de vida de las personas, para disminuir la tensi\u00f3n y garantizar la tranquilidad social.<\/p>\n","protected":false},"excerpt":{"rendered":"<p>Juan Arcos Xalapa, Ver.- El gobernador Cuitl\u00e1huac Garc\u00eda Jim\u00e9nez confirm\u00f3 la renuncia de Rebeca Quintanar Barcel\u00f3 al Sistema para el Desarrollo Integral de la Familia (DIF) de Veracruz, por motivos personales. En su visita al municipio de Chalcaltianguis, el mandatario estatal dio a conocer que ha sido nombrada como encargada de despacho Georgina Beatriz Victory [&hellip;]<\/p>\n","protected":false},"author":1,"featured_media":12290,"comment_status":"open","ping_status":"open","sticky":false,"template":"","format":"standard","meta":{"_jetpack_memberships_contains_paid_content":false,"footnotes":""},"categories":[2],"tags":[],"class_list":["post-12289","post","type-post","status-publish","format-standard","has-post-thumbnail","hentry","category-estado"],"jetpack_featured_media_url":"https:\/\/encuentroinformativo.com.mx\/wp-content\/uploads\/2021\/03\/F81FDA1A-FEDA-4757-9CD6-C11478F6EAE6.jpeg","jetpack_sharing_enabled":true,"jetpack_likes_enabled":true,"amp_enabled":true,"_links":{"self":[{"href":"https:\/\/encuentroinformativo.com.mx\/index.php?rest_route=\/wp\/v2\/posts\/12289","targetHints":{"allow":["GET"]}}],"collection":[{"href":"https:\/\/encuentroinformativo.com.mx\/index.php?rest_route=\/wp\/v2\/posts"}],"about":[{"href":"https:\/\/encuentroinformativo.com.mx\/index.php?rest_route=\/wp\/v2\/types\/post"}],"author":[{"embeddable":true,"href":"https:\/\/encuentroinformativo.com.mx\/index.php?rest_route=\/wp\/v2\/users\/1"}],"replies":[{"embeddable":true,"href":"https:\/\/encuentroinformativo.com.mx\/index.php?rest_route=%2Fwp%2Fv2%2Fcomments&post=12289"}],"version-history":[{"count":1,"href":"https:\/\/encuentroinformativo.com.mx\/index.php?rest_route=\/wp\/v2\/posts\/12289\/revisions"}],"predecessor-version":[{"id":12291,"href":"https:\/\/encuentroinformativo.com.mx\/index.php?rest_route=\/wp\/v2\/posts\/12289\/revisions\/12291"}],"wp:featuredmedia":[{"embeddable":true,"href":"https:\/\/encuentroinformativo.com.mx\/index.php?rest_route=\/wp\/v2\/media\/12290"}],"wp:attachment":[{"href":"https:\/\/encuentroinformativo.com.mx\/index.php?rest_route=%2Fwp%2Fv2%2Fmedia&parent=12289"}],"wp:term":[{"taxonomy":"category","embeddable":true,"href":"https:\/\/encuentroinformativo.com.mx\/index.php?rest_route=%2Fwp%2Fv2%2Fcategories&post=12289"},{"taxonomy":"post_tag","embeddable":true,"href":"https:\/\/encuentroinformativo.com.mx\/index.php?rest_route=%2Fwp%2Fv2%2Ftags&post=12289"}],"curies":[{"name":"wp","href":"https:\/\/api.w.org\/{rel}","templated":true}]}}