{"id":12292,"date":"2021-03-24T16:20:01","date_gmt":"2021-03-24T22:20:01","guid":{"rendered":"https:\/\/encuentroinformativo.com.mx\/?p=12292"},"modified":"2021-03-24T16:20:04","modified_gmt":"2021-03-24T22:20:04","slug":"acusan-violencia-de-genero-en-poder-judicial-de-veracruz","status":"publish","type":"post","link":"https:\/\/encuentroinformativo.com.mx\/?p=12292","title":{"rendered":"Acusan violencia de g\u00e9nero en Poder Judicial de Veracruz"},"content":{"rendered":"\n<p><strong>Alejandro \u00c1vila<\/strong><\/p>\n\n\n\n<p>Veracruz, Ver.- Abigail Garc\u00eda M\u00e1rquez, madre de familia que desde hace meses pelea la custodia de sus hijas, denunci\u00f3 nuevamente un favoritismo hacia su ex pareja por parte de funcionarios del Poder Judicial, motivo por el cual se manifest\u00f3 este mi\u00e9rcoles por la ma\u00f1ana en las instalaciones del Centro Integral de Justicia de la Fiscal\u00eda General del Estado con sede en el Infonavit M\u00e9dano del Buena Vista.<\/p>\n\n\n\n<p>Se\u00f1al\u00f3 que este martes se llevar\u00e1 a cabo una nueva audiencia sobre el caso de custodia de sus hijas que le fueron quitadas injustamente en enero pasado, a pesar de contar con la patria protestad, por si fuera poco la Juez a cargo le se\u00f1alo que ella no podr\u00e1 estar presente y s\u00ed el padre de las menores y ex pareja de Abigail.<\/p>\n\n\n\n<p>La joven madre expuso que en todo este tiempo, el DIF Municipal de Alvarado ha jugado un papel fundamental para que la situaci\u00f3n se torne en su contra, pues ha creado documentos a favor de su ex pareja donde se le acusa de maltrato a las menores, situaci\u00f3n que menciona es totalmente falsa, por lo que acusa de manipulaci\u00f3n de pruebas a su ex pareja y los funcionarios de Alvarado.<\/p>\n\n\n\n<p>Es de recordar que Abigail cuenta con la custodia de las menores desde al a\u00f1o 2018, tras una orden de un Juez, aunque a finales del a\u00f1o pasado su ex pareja decidi\u00f3 tomarlas a la fuerza, arrebat\u00e1ndoselas en un \u201ccerr\u00f3n\u201d de autom\u00f3viles que le hizo en la carretera Veracruz \u2013 Xalapa a la altura de la colonia Las Amapolas, y desde esa fecha, volvieron a iniciar los procesos legales.<\/p>\n\n\n\n<p>La afectada, sostuvo que no existen garant\u00edas de que se haga justicia en este caso, por lo que solicit\u00f3 la intervenci\u00f3n de autoridades para que se revise el expediente.<\/p>\n","protected":false},"excerpt":{"rendered":"<p>Alejandro \u00c1vila Veracruz, Ver.- Abigail Garc\u00eda M\u00e1rquez, madre de familia que desde hace meses pelea la custodia de sus hijas, denunci\u00f3 nuevamente un favoritismo hacia su ex pareja por parte de funcionarios del Poder Judicial, motivo por el cual se manifest\u00f3 este mi\u00e9rcoles por la ma\u00f1ana en las instalaciones del Centro Integral de Justicia de [&hellip;]<\/p>\n","protected":false},"author":1,"featured_media":12293,"comment_status":"open","ping_status":"open","sticky":false,"template":"","format":"standard","meta":{"_jetpack_memberships_contains_paid_content":false,"footnotes":""},"categories":[2],"tags":[],"class_list":["post-12292","post","type-post","status-publish","format-standard","has-post-thumbnail","hentry","category-estado"],"jetpack_featured_media_url":"https:\/\/encuentroinformativo.com.mx\/wp-content\/uploads\/2021\/03\/4B75C996-280B-4A3B-91A8-FBC344E4CACC.jpeg","jetpack_sharing_enabled":true,"jetpack_likes_enabled":true,"amp_enabled":true,"_links":{"self":[{"href":"https:\/\/encuentroinformativo.com.mx\/index.php?rest_route=\/wp\/v2\/posts\/12292","targetHints":{"allow":["GET"]}}],"collection":[{"href":"https:\/\/encuentroinformativo.com.mx\/index.php?rest_route=\/wp\/v2\/posts"}],"about":[{"href":"https:\/\/encuentroinformativo.com.mx\/index.php?rest_route=\/wp\/v2\/types\/post"}],"author":[{"embeddable":true,"href":"https:\/\/encuentroinformativo.com.mx\/index.php?rest_route=\/wp\/v2\/users\/1"}],"replies":[{"embeddable":true,"href":"https:\/\/encuentroinformativo.com.mx\/index.php?rest_route=%2Fwp%2Fv2%2Fcomments&post=12292"}],"version-history":[{"count":1,"href":"https:\/\/encuentroinformativo.com.mx\/index.php?rest_route=\/wp\/v2\/posts\/12292\/revisions"}],"predecessor-version":[{"id":12294,"href":"https:\/\/encuentroinformativo.com.mx\/index.php?rest_route=\/wp\/v2\/posts\/12292\/revisions\/12294"}],"wp:featuredmedia":[{"embeddable":true,"href":"https:\/\/encuentroinformativo.com.mx\/index.php?rest_route=\/wp\/v2\/media\/12293"}],"wp:attachment":[{"href":"https:\/\/encuentroinformativo.com.mx\/index.php?rest_route=%2Fwp%2Fv2%2Fmedia&parent=12292"}],"wp:term":[{"taxonomy":"category","embeddable":true,"href":"https:\/\/encuentroinformativo.com.mx\/index.php?rest_route=%2Fwp%2Fv2%2Fcategories&post=12292"},{"taxonomy":"post_tag","embeddable":true,"href":"https:\/\/encuentroinformativo.com.mx\/index.php?rest_route=%2Fwp%2Fv2%2Ftags&post=12292"}],"curies":[{"name":"wp","href":"https:\/\/api.w.org\/{rel}","templated":true}]}}