{"id":12298,"date":"2021-03-25T07:11:11","date_gmt":"2021-03-25T13:11:11","guid":{"rendered":"https:\/\/encuentroinformativo.com.mx\/?p=12298"},"modified":"2021-03-25T01:02:11","modified_gmt":"2021-03-25T07:02:11","slug":"respalda-pes-al-negrito-salas-en-alamo","status":"publish","type":"post","link":"https:\/\/encuentroinformativo.com.mx\/?p=12298","title":{"rendered":"Respalda PES al \u201cnegrito\u201d Salas en \u00c1lamo"},"content":{"rendered":"\n<p><strong>*Instala Gonzalo Gu\u00edzar al Comit\u00e9 Municipal del Partido Encuentro Solidario en Alamo Temapache.<\/strong><\/p>\n\n\n\n<p>\u00c1lamo Temapache, Ver.- \u00abEl negrito Salas no est\u00e1 solo, venimos a este municipio para decirle que tanto los comit\u00e9s Estatal y Nacional del PES, nuestros diputados federales, senadores y nuestro gobernador en Morelos, estamos con \u00e9l y con todos ustedes\u00bb, afirm\u00f3 Gonzalo Gu\u00edzar Valladares al instalar el Comit\u00e9 Ejecutivo Municipal.<\/p>\n\n\n\n<p>Noe Salas Roman \u201cEl Negrito\u201d asumi\u00f3 la coordinaci\u00f3n municipal de afiliaci\u00f3n del Partido Encuentro Solidario (PES) en este municipio y la dirigencia municipal qued\u00f3 a cargo de David Salas Roman, como presidente, Dulce Yumey Juarez Moncayo, como secretaria general, Javier Hern\u00e1ndez Salas, secretario de organizaci\u00f3n, Maria Fern\u00e1ndez Juarez, Secretaria de Estrategia Electoral, Sergio Garc\u00eda Casados, secretario de Finanzas.<\/p>\n\n\n\n<p>\u00d3scar Narave Flores, aspirante a la diputaci\u00f3n federal por Tuxpan; fue el encargado de tomarles la protesta. Miguel Mart\u00edn, de Tuxpan, Ares Meza, delgado del PES en la zona norte del estado, Miguel \u00c1ngel Cabrera Gordillo, Juan Carlos Olvera Francisco y Alberto Rosendo, del Comit\u00e9 Estatal del PES tambi\u00e9n estuvieron en el evento.<\/p>\n","protected":false},"excerpt":{"rendered":"<p>*Instala Gonzalo Gu\u00edzar al Comit\u00e9 Municipal del Partido Encuentro Solidario en Alamo Temapache. \u00c1lamo Temapache, Ver.- \u00abEl negrito Salas no est\u00e1 solo, venimos a este municipio para decirle que tanto los comit\u00e9s Estatal y Nacional del PES, nuestros diputados federales, senadores y nuestro gobernador en Morelos, estamos con \u00e9l y con todos ustedes\u00bb, afirm\u00f3 Gonzalo [&hellip;]<\/p>\n","protected":false},"author":1,"featured_media":12299,"comment_status":"open","ping_status":"open","sticky":false,"template":"","format":"standard","meta":{"_jetpack_memberships_contains_paid_content":false,"footnotes":""},"categories":[2],"tags":[],"class_list":["post-12298","post","type-post","status-publish","format-standard","has-post-thumbnail","hentry","category-estado"],"jetpack_featured_media_url":"https:\/\/encuentroinformativo.com.mx\/wp-content\/uploads\/2021\/03\/25827477-1490-4831-A578-F87A6B24AB9C.jpeg","jetpack_sharing_enabled":true,"jetpack_likes_enabled":true,"amp_enabled":true,"_links":{"self":[{"href":"https:\/\/encuentroinformativo.com.mx\/index.php?rest_route=\/wp\/v2\/posts\/12298","targetHints":{"allow":["GET"]}}],"collection":[{"href":"https:\/\/encuentroinformativo.com.mx\/index.php?rest_route=\/wp\/v2\/posts"}],"about":[{"href":"https:\/\/encuentroinformativo.com.mx\/index.php?rest_route=\/wp\/v2\/types\/post"}],"author":[{"embeddable":true,"href":"https:\/\/encuentroinformativo.com.mx\/index.php?rest_route=\/wp\/v2\/users\/1"}],"replies":[{"embeddable":true,"href":"https:\/\/encuentroinformativo.com.mx\/index.php?rest_route=%2Fwp%2Fv2%2Fcomments&post=12298"}],"version-history":[{"count":1,"href":"https:\/\/encuentroinformativo.com.mx\/index.php?rest_route=\/wp\/v2\/posts\/12298\/revisions"}],"predecessor-version":[{"id":12300,"href":"https:\/\/encuentroinformativo.com.mx\/index.php?rest_route=\/wp\/v2\/posts\/12298\/revisions\/12300"}],"wp:featuredmedia":[{"embeddable":true,"href":"https:\/\/encuentroinformativo.com.mx\/index.php?rest_route=\/wp\/v2\/media\/12299"}],"wp:attachment":[{"href":"https:\/\/encuentroinformativo.com.mx\/index.php?rest_route=%2Fwp%2Fv2%2Fmedia&parent=12298"}],"wp:term":[{"taxonomy":"category","embeddable":true,"href":"https:\/\/encuentroinformativo.com.mx\/index.php?rest_route=%2Fwp%2Fv2%2Fcategories&post=12298"},{"taxonomy":"post_tag","embeddable":true,"href":"https:\/\/encuentroinformativo.com.mx\/index.php?rest_route=%2Fwp%2Fv2%2Ftags&post=12298"}],"curies":[{"name":"wp","href":"https:\/\/api.w.org\/{rel}","templated":true}]}}