{"id":12313,"date":"2021-03-25T11:53:40","date_gmt":"2021-03-25T17:53:40","guid":{"rendered":"https:\/\/encuentroinformativo.com.mx\/?p=12313"},"modified":"2021-03-25T11:54:11","modified_gmt":"2021-03-25T17:54:11","slug":"por-falta-de-alumnos-cierran-85-escuelas-privadas-en-veracruz","status":"publish","type":"post","link":"https:\/\/encuentroinformativo.com.mx\/?p=12313","title":{"rendered":"Por falta de alumnos, cierran 85 escuelas privadas en Veracruz"},"content":{"rendered":"\n<p><strong>Juan Arcos <\/strong><\/p>\n\n\n\n<p>Xalapa, Ver.- Un total de 85 escuelas particulares han cerrado sus puertas por la falta de matr\u00edcula, derivado de la pandemia del SARS-COV-2 (COVID-19).<\/p>\n\n\n\n<p>De acuerdo con Carlos Luna Escudero, presidente de la Corporaci\u00f3n de Escuelas Particulares del Estado de Veracruz, hay reporte del cierre de 40 colegios en la zona norte de la entidad, desde Poza Rica hasta P\u00e1nuco.<\/p>\n\n\n\n<p>En la zona centro han quebrado al menos 15 escuelas privadas y, en la zona sur, cerca de 30, situaci\u00f3n que los ha obligado a cerrar los planteles, de manera temporal o definitiva.<\/p>\n\n\n\n<p>\u201cSon escuelas de todos los niveles educativos, pero sobre todo del nivel b\u00e1sico, han estado cerrando por la falta de matr\u00edcula, la gente no se est\u00e1 matriculando por diversas razones y entonces han cerrado\u201d, a\u00f1adi\u00f3 el empresario.<\/p>\n\n\n\n<p>Luna Escudero mencion\u00f3 que el problema se ha recrudecido por la deserci\u00f3n escolar y la no reinscripci\u00f3n de los estudiantes en las escuelas.<\/p>\n\n\n\n<p>Adem\u00e1s, coment\u00f3 que la propuesta para el regreso a clases presenciales lo antes posible ha sido respaldada por muchas escuelas privadas de la entidad veracruzana.<\/p>\n\n\n\n<p>\u201cMuchas escuelas particulares lo est\u00e1n viendo bien, porque es importante para que mantengan una educaci\u00f3n de calidad y, a trav\u00e9s de las cuotas escolares, se pueda soportar la n\u00f3mina de profesores y personal administrativo\u201d.<\/p>\n\n\n\n<p>Agreg\u00f3 que varias escuelas hacen un gran esfuerzo para mantenerse abiertas; sin embargo, las cifras del Instituto Nacional de Estad\u00edstica y Geogr\u00e1fica (Inegi) muestran que m\u00e1s de 5 millones de alumnos no cursaron el ciclo escolar.<\/p>\n\n\n\n<p>\u201cEsta gran cantidad de alumnos, que no terminaron o cursaron el ciclo escolar. Gran incidencia tiene el sector particular, alrededor del 35 por ciento\u201d, enfatiz\u00f3.<\/p>\n\n\n\n<p>Recientemente, cerr\u00f3 el colegio de bachilleres \u201cEnrique Laubscher\u201d en el municipio de Coatepec, situaci\u00f3n que alarm\u00f3 a madres y padres de familia.<\/p>\n","protected":false},"excerpt":{"rendered":"<p>Juan Arcos Xalapa, Ver.- Un total de 85 escuelas particulares han cerrado sus puertas por la falta de matr\u00edcula, derivado de la pandemia del SARS-COV-2 (COVID-19). De acuerdo con Carlos Luna Escudero, presidente de la Corporaci\u00f3n de Escuelas Particulares del Estado de Veracruz, hay reporte del cierre de 40 colegios en la zona norte de [&hellip;]<\/p>\n","protected":false},"author":1,"featured_media":12314,"comment_status":"open","ping_status":"open","sticky":false,"template":"","format":"standard","meta":{"_jetpack_memberships_contains_paid_content":false,"footnotes":""},"categories":[2],"tags":[],"class_list":["post-12313","post","type-post","status-publish","format-standard","has-post-thumbnail","hentry","category-estado"],"jetpack_featured_media_url":"https:\/\/encuentroinformativo.com.mx\/wp-content\/uploads\/2021\/03\/AA5353DA-EA8B-4BCB-AB79-120CC13339BE.jpeg","jetpack_sharing_enabled":true,"jetpack_likes_enabled":true,"amp_enabled":true,"_links":{"self":[{"href":"https:\/\/encuentroinformativo.com.mx\/index.php?rest_route=\/wp\/v2\/posts\/12313","targetHints":{"allow":["GET"]}}],"collection":[{"href":"https:\/\/encuentroinformativo.com.mx\/index.php?rest_route=\/wp\/v2\/posts"}],"about":[{"href":"https:\/\/encuentroinformativo.com.mx\/index.php?rest_route=\/wp\/v2\/types\/post"}],"author":[{"embeddable":true,"href":"https:\/\/encuentroinformativo.com.mx\/index.php?rest_route=\/wp\/v2\/users\/1"}],"replies":[{"embeddable":true,"href":"https:\/\/encuentroinformativo.com.mx\/index.php?rest_route=%2Fwp%2Fv2%2Fcomments&post=12313"}],"version-history":[{"count":1,"href":"https:\/\/encuentroinformativo.com.mx\/index.php?rest_route=\/wp\/v2\/posts\/12313\/revisions"}],"predecessor-version":[{"id":12315,"href":"https:\/\/encuentroinformativo.com.mx\/index.php?rest_route=\/wp\/v2\/posts\/12313\/revisions\/12315"}],"wp:featuredmedia":[{"embeddable":true,"href":"https:\/\/encuentroinformativo.com.mx\/index.php?rest_route=\/wp\/v2\/media\/12314"}],"wp:attachment":[{"href":"https:\/\/encuentroinformativo.com.mx\/index.php?rest_route=%2Fwp%2Fv2%2Fmedia&parent=12313"}],"wp:term":[{"taxonomy":"category","embeddable":true,"href":"https:\/\/encuentroinformativo.com.mx\/index.php?rest_route=%2Fwp%2Fv2%2Fcategories&post=12313"},{"taxonomy":"post_tag","embeddable":true,"href":"https:\/\/encuentroinformativo.com.mx\/index.php?rest_route=%2Fwp%2Fv2%2Ftags&post=12313"}],"curies":[{"name":"wp","href":"https:\/\/api.w.org\/{rel}","templated":true}]}}