{"id":12325,"date":"2021-03-25T14:19:10","date_gmt":"2021-03-25T20:19:10","guid":{"rendered":"https:\/\/encuentroinformativo.com.mx\/?p=12325"},"modified":"2021-03-25T14:19:13","modified_gmt":"2021-03-25T20:19:13","slug":"denuncian-ecocidio-por-contaminacion-en-laguna-real","status":"publish","type":"post","link":"https:\/\/encuentroinformativo.com.mx\/?p=12325","title":{"rendered":"Denuncian ecocidio por contaminacion en Laguna Real"},"content":{"rendered":"\n<p><strong>Alejandro \u00c1vila<\/strong><\/p>\n\n\n\n<p><strong>Fotos: <\/strong>V\u00edctor Ya\u00f1ez\/Cortes\u00eda <\/p>\n\n\n\n<p>Veracruz, Ver.- Vecinos del fraccionamiento Laguna Real denunciaron un bajo nivel del cuerpo de agua y ecocidio por contaminaci\u00f3n de la laguna.<\/p>\n\n\n\n<p>Araceli P\u00e9rez Zambrano, vecina del lugar, se\u00f1ala que desde hace una semana comenzaron a percatarse que el nivel de la laguna hab\u00eda descendido casi 70 cent\u00edmetros, algo que ni en temporada de estiaje hab\u00eda sucedido.<\/p>\n\n\n\n<p>Ante esta situaci\u00f3n, avisaron al Ayuntamiento de Veracruz, quien realiza las labores de desfogue cuando es temporada de lluvias para evitar inundaciones; estos comentaron que las compuertas estaban abiertas, pero desconoc\u00edan quien hab\u00eda realizado tal acci\u00f3n, pues no se hab\u00eda dado tal orden.<\/p>\n\n\n\n<p>Aunado a ello, decenas de peces y aves aparecieron muertas alrededor de la laguna, algunas por caza de personas y otras por la contaminaci\u00f3n del cuerpo de agua producto de lo que se ha vertido durante la \u00faltima semana a la Laguna Real.<\/p>\n\n\n\n<p>Los vecinos se\u00f1alan que existen diversas &#8220;chatarreras&#8221; en la avenida Jim\u00e9nez Sur y la avenida Miguel Alem\u00e1n y son ellas quienes han tirado llantas y otros desechos que han contaminado el cuerpo de agua.<\/p>\n\n\n\n<p>Ante esto, personal de la Procuradur\u00eda de Medio Ambiente y del Ayuntamiento de Veracruz, acudieron al lugar para tratar de darle soluci\u00f3n al problema.<\/p>\n\n\n\n<figure class=\"wp-block-image size-large\"><img loading=\"lazy\" decoding=\"async\" width=\"1024\" height=\"682\" src=\"https:\/\/encuentroinformativo.com.mx\/wp-content\/uploads\/2021\/03\/3EE47C11-A61C-4F16-85F1-23E7F27E5814-1024x682.jpeg\" alt=\"\" class=\"wp-image-12327\" srcset=\"https:\/\/encuentroinformativo.com.mx\/wp-content\/uploads\/2021\/03\/3EE47C11-A61C-4F16-85F1-23E7F27E5814-1024x682.jpeg 1024w, https:\/\/encuentroinformativo.com.mx\/wp-content\/uploads\/2021\/03\/3EE47C11-A61C-4F16-85F1-23E7F27E5814-300x200.jpeg 300w, https:\/\/encuentroinformativo.com.mx\/wp-content\/uploads\/2021\/03\/3EE47C11-A61C-4F16-85F1-23E7F27E5814-768x512.jpeg 768w, https:\/\/encuentroinformativo.com.mx\/wp-content\/uploads\/2021\/03\/3EE47C11-A61C-4F16-85F1-23E7F27E5814.jpeg 1280w\" sizes=\"auto, (max-width: 1024px) 100vw, 1024px\" \/><\/figure>\n","protected":false},"excerpt":{"rendered":"<p>Alejandro \u00c1vila Fotos: V\u00edctor Ya\u00f1ez\/Cortes\u00eda Veracruz, Ver.- Vecinos del fraccionamiento Laguna Real denunciaron un bajo nivel del cuerpo de agua y ecocidio por contaminaci\u00f3n de la laguna. Araceli P\u00e9rez Zambrano, vecina del lugar, se\u00f1ala que desde hace una semana comenzaron a percatarse que el nivel de la laguna hab\u00eda descendido casi 70 cent\u00edmetros, algo que [&hellip;]<\/p>\n","protected":false},"author":1,"featured_media":12326,"comment_status":"open","ping_status":"open","sticky":false,"template":"","format":"standard","meta":{"_jetpack_memberships_contains_paid_content":false,"footnotes":""},"categories":[2],"tags":[],"class_list":["post-12325","post","type-post","status-publish","format-standard","has-post-thumbnail","hentry","category-estado"],"jetpack_featured_media_url":"https:\/\/encuentroinformativo.com.mx\/wp-content\/uploads\/2021\/03\/500F2546-352F-4206-92CB-AB4208DD04AE.jpeg","jetpack_sharing_enabled":true,"jetpack_likes_enabled":true,"amp_enabled":true,"_links":{"self":[{"href":"https:\/\/encuentroinformativo.com.mx\/index.php?rest_route=\/wp\/v2\/posts\/12325","targetHints":{"allow":["GET"]}}],"collection":[{"href":"https:\/\/encuentroinformativo.com.mx\/index.php?rest_route=\/wp\/v2\/posts"}],"about":[{"href":"https:\/\/encuentroinformativo.com.mx\/index.php?rest_route=\/wp\/v2\/types\/post"}],"author":[{"embeddable":true,"href":"https:\/\/encuentroinformativo.com.mx\/index.php?rest_route=\/wp\/v2\/users\/1"}],"replies":[{"embeddable":true,"href":"https:\/\/encuentroinformativo.com.mx\/index.php?rest_route=%2Fwp%2Fv2%2Fcomments&post=12325"}],"version-history":[{"count":1,"href":"https:\/\/encuentroinformativo.com.mx\/index.php?rest_route=\/wp\/v2\/posts\/12325\/revisions"}],"predecessor-version":[{"id":12328,"href":"https:\/\/encuentroinformativo.com.mx\/index.php?rest_route=\/wp\/v2\/posts\/12325\/revisions\/12328"}],"wp:featuredmedia":[{"embeddable":true,"href":"https:\/\/encuentroinformativo.com.mx\/index.php?rest_route=\/wp\/v2\/media\/12326"}],"wp:attachment":[{"href":"https:\/\/encuentroinformativo.com.mx\/index.php?rest_route=%2Fwp%2Fv2%2Fmedia&parent=12325"}],"wp:term":[{"taxonomy":"category","embeddable":true,"href":"https:\/\/encuentroinformativo.com.mx\/index.php?rest_route=%2Fwp%2Fv2%2Fcategories&post=12325"},{"taxonomy":"post_tag","embeddable":true,"href":"https:\/\/encuentroinformativo.com.mx\/index.php?rest_route=%2Fwp%2Fv2%2Ftags&post=12325"}],"curies":[{"name":"wp","href":"https:\/\/api.w.org\/{rel}","templated":true}]}}