{"id":12329,"date":"2021-03-25T15:14:12","date_gmt":"2021-03-25T21:14:12","guid":{"rendered":"https:\/\/encuentroinformativo.com.mx\/?p=12329"},"modified":"2021-03-25T15:14:16","modified_gmt":"2021-03-25T21:14:16","slug":"rumbo-a-campana-ofrece-anilu-recuperar-programas-sociales","status":"publish","type":"post","link":"https:\/\/encuentroinformativo.com.mx\/?p=12329","title":{"rendered":"Rumbo a campa\u00f1a, ofrece Anil\u00fa recuperar programas sociales"},"content":{"rendered":"\n<p><strong>Alejandro \u00c1vila<\/strong><\/p>\n\n\n\n<p>Veracruz, Ver.- La p\u00e9rdida de los programas federales durante los \u00faltimos dos a\u00f1os por decisi\u00f3n de Gobierno Federal han dejado a miles de veracruzanos con afectaciones, debido a que muchos de ellos estaban inscritos en ellos y recib\u00edan un apoyo que ayudaba a sobrellevar el d\u00eda a d\u00eda.<\/p>\n\n\n\n<p>Anil\u00fa Ingram Vallines, coordinadora estatal del PRI del programa <em>Recupera<\/em>, lleva semanas recorriendo la entidad veracruzana, recabado informaci\u00f3n con los afectados, mismos que le han externado los problemas que han vivido desde la cancelaci\u00f3n de Prospera, Estancias Infantiles, Comedores Comunitarios, Empleo Temporal, 3&#215;1 para migrantes, Apoyo a emprendedores, Salud de la Mujer, entre otros.<\/p>\n\n\n\n<p>\u201cVamos a recuperar los programas sociales, vamos a recuperar esa paz que nos robaron, los programas que ten\u00edamos eran perfectibles, pero los borraron de un plumazo sin tomar en cuenta a quienes dejaron en el desamparo\u201d, declar\u00f3 la diputada federal con licencia.<\/p>\n\n\n\n<p>La veracruzana que tiene como objetivo recorrer los 212 municipios ha caminado por Mart\u00ednez de la Torre, Tlapacoyan, C\u00f3rdoba, Fort\u00edn, y contin\u00faa con una agenda llena que la llevar\u00e1 este s\u00e1bado a Orizaba, donde existen tambi\u00e9n miles de familias afectadas por las decisiones del Gobierno Federal.<\/p>\n\n\n\n<p>Expuso que son m\u00e1s de 2.6 millones de veracruzanos quienes han sido afectados por la eliminaci\u00f3n de programas sociales, por lo que se\u00f1al\u00f3 que el gobierno federal ha afectado a quienes m\u00e1s lo necesitan.<\/p>\n\n\n\n<p>\u201cLas mujeres no somos agenda en este gobierno morenista; 632 mil mujeres jefas de familia se quedaron sin Prospera, con lo que caminaban en una ruta de igualdad entre hombres y mujeres. Si bien no les solucionaba la vida, les ayudaba en gran medida en el tema educativo, de salud y de alimentaci\u00f3n. Vamos a dar la batalla por recuperar los programas sociales, por recuperar Veracruz y por recuperar M\u00e9xico\u201d, finaliz\u00f3 Anil\u00fa Ingram.<\/p>\n","protected":false},"excerpt":{"rendered":"<p>Alejandro \u00c1vila Veracruz, Ver.- La p\u00e9rdida de los programas federales durante los \u00faltimos dos a\u00f1os por decisi\u00f3n de Gobierno Federal han dejado a miles de veracruzanos con afectaciones, debido a que muchos de ellos estaban inscritos en ellos y recib\u00edan un apoyo que ayudaba a sobrellevar el d\u00eda a d\u00eda. Anil\u00fa Ingram Vallines, coordinadora estatal [&hellip;]<\/p>\n","protected":false},"author":1,"featured_media":12330,"comment_status":"open","ping_status":"open","sticky":false,"template":"","format":"standard","meta":{"_jetpack_memberships_contains_paid_content":false,"footnotes":""},"categories":[2],"tags":[],"class_list":["post-12329","post","type-post","status-publish","format-standard","has-post-thumbnail","hentry","category-estado"],"jetpack_featured_media_url":"https:\/\/encuentroinformativo.com.mx\/wp-content\/uploads\/2021\/03\/90AF40C1-83E1-4041-9C4E-C1F2584A3540.jpeg","jetpack_sharing_enabled":true,"jetpack_likes_enabled":true,"amp_enabled":true,"_links":{"self":[{"href":"https:\/\/encuentroinformativo.com.mx\/index.php?rest_route=\/wp\/v2\/posts\/12329","targetHints":{"allow":["GET"]}}],"collection":[{"href":"https:\/\/encuentroinformativo.com.mx\/index.php?rest_route=\/wp\/v2\/posts"}],"about":[{"href":"https:\/\/encuentroinformativo.com.mx\/index.php?rest_route=\/wp\/v2\/types\/post"}],"author":[{"embeddable":true,"href":"https:\/\/encuentroinformativo.com.mx\/index.php?rest_route=\/wp\/v2\/users\/1"}],"replies":[{"embeddable":true,"href":"https:\/\/encuentroinformativo.com.mx\/index.php?rest_route=%2Fwp%2Fv2%2Fcomments&post=12329"}],"version-history":[{"count":1,"href":"https:\/\/encuentroinformativo.com.mx\/index.php?rest_route=\/wp\/v2\/posts\/12329\/revisions"}],"predecessor-version":[{"id":12331,"href":"https:\/\/encuentroinformativo.com.mx\/index.php?rest_route=\/wp\/v2\/posts\/12329\/revisions\/12331"}],"wp:featuredmedia":[{"embeddable":true,"href":"https:\/\/encuentroinformativo.com.mx\/index.php?rest_route=\/wp\/v2\/media\/12330"}],"wp:attachment":[{"href":"https:\/\/encuentroinformativo.com.mx\/index.php?rest_route=%2Fwp%2Fv2%2Fmedia&parent=12329"}],"wp:term":[{"taxonomy":"category","embeddable":true,"href":"https:\/\/encuentroinformativo.com.mx\/index.php?rest_route=%2Fwp%2Fv2%2Fcategories&post=12329"},{"taxonomy":"post_tag","embeddable":true,"href":"https:\/\/encuentroinformativo.com.mx\/index.php?rest_route=%2Fwp%2Fv2%2Ftags&post=12329"}],"curies":[{"name":"wp","href":"https:\/\/api.w.org\/{rel}","templated":true}]}}