{"id":12339,"date":"2021-03-25T16:17:41","date_gmt":"2021-03-25T22:17:41","guid":{"rendered":"https:\/\/encuentroinformativo.com.mx\/?p=12339"},"modified":"2021-03-25T16:18:12","modified_gmt":"2021-03-25T22:18:12","slug":"incendio-en-las-vigas-afecto-38-hectareas-de-bosque","status":"publish","type":"post","link":"https:\/\/encuentroinformativo.com.mx\/?p=12339","title":{"rendered":"Incendio en Las Vigas afect\u00f3 38 hect\u00e1reas de bosque"},"content":{"rendered":"\n<p><strong>Juan Arcos <\/strong><\/p>\n\n\n\n<p>Xalapa, Ver.- Un incendio forestal fue liquidado en el municipio de Las Vigas de Ram\u00edrez, cerca del Cofre de Perote, a unos 35 kil\u00f3metros de Xalapa, la tarde de este jueves 25 de marzo.<\/p>\n\n\n\n<p>La Secretar\u00eda de Protecci\u00f3n Ciivl (PC) de Veracruz inform\u00f3 que las fuerzas de tarea reportaron liquidado el incendio a las 13:10 horas, en el paraje El Cuervo y Valle Alegre.<\/p>\n\n\n\n<p>La dependencia estatal indic\u00f3 qu\u00e9 hay una estimaci\u00f3n preliminar de 37.6 hect\u00e1reas de bosque afectadas, una zona donde otro siniestro de mayor magnitud arras\u00f3 con 500 hect\u00e1reas de bosque en marzo de 2019.<\/p>\n\n\n\n<p>En esta ocasi\u00f3n, personal de la Comisi\u00f3n Nacional Forestal (Conafor) y de la Secretar\u00eda de Medio Ambiente (Sedema) coordinaron los trabajos y acciones de combate al incendio en el sitio.<\/p>\n\n\n\n<p>Hace diez d\u00edas, se registr\u00f3 otro incendio en el municipio de Calcahualco, en las faldas del Pico de Orizaba, donde se registr\u00f3 una afectaci\u00f3n de m\u00e1s de 110 hect\u00e1reas.<\/p>\n\n\n\n<p>Tambi\u00e9n el pasado 13 de marzo ocurri\u00f3 otro incendio en el paraje El Pinal, predio Peque\u00f1as Propiedades, en el municipio de Tatatila, ubicado en la zona centro monta\u00f1osa de Veracruz.<\/p>\n\n\n\n<p>Otro siniestro fue atendido en la localidad Potrero Nuevo, municipio de La Perla, por parte de elementos de la Comisi\u00f3n Nacional Forestal y protecci\u00f3n civil estatal y municipal.<\/p>\n\n\n\n<p><strong>INCENDIO PROVOCADO POR TALAMONTES\u00a0<\/strong><\/p>\n\n\n\n<p>Recientemente, el gobernador del estado, Cuitl\u00e1huac Garc\u00eda Jim\u00e9nez, record\u00f3 que los incendios forestales disminuyeron 70 por ciento, durante el a\u00f1o 2020, en comparaci\u00f3n con a\u00f1os anteriores.<\/p>\n\n\n\n<p>El mandatario estatal refiri\u00f3 que el incendio en el Pico de Orizaba fue provocado por un grupo de personas dedicado a la tala clandestina.<\/p>\n\n\n\n<p>\u201cEl que tenemos claro que fue provocado por gente que hace este tipo de tala es el que sucedi\u00f3 en el Pico de Orizaba, en Cacahualco, de nuestro lado afect\u00f3 pocas hect\u00e1reas, pero del lado de Puebla fue la afectaci\u00f3n mayor, se tiene claro que fue provocado por ese tipo de personas\u201d, insisti\u00f3.<\/p>\n\n\n\n<p>A\u00f1adi\u00f3 que el gobierno estatal lleg\u00f3 a un acuerdo con los ayuntamientos para que vigilaran sus recursos forestales y garantizaran un buen uso de ellos, con el objetivo de que ingresaran a un programa de la Secretar\u00eda de Medio Ambiente para premiar con 3 millones de pesos a quienes presentaran mayor avance en el tema.<\/p>\n\n\n\n<p>\u201cEs un programa para el cuidado de los recursos forestales para evitar incendios, as\u00ed va dirigido el programa. Alrededor de 16 municipios salieron premiados con un monto de 3 millones de pesos, cada uno, para que ellos lo ocupen en infraestructura, este recurso se va a aplicar el segundo semestre de este a\u00f1o y dio resultado porque el a\u00f1o pasado, comparado con el anterior, se disminuy\u00f3 70 por ciento el n\u00famero de incendios, con respecto a las hect\u00e1reas consumidas\u201d.<\/p>\n\n\n\n<p>Este programa estatal concluye este mes de marzo; sin embargo, ser\u00e1 impulsado nuevamente, como una medida estatal para el cuidado de los bosques en la entidad.<\/p>\n","protected":false},"excerpt":{"rendered":"<p>Juan Arcos Xalapa, Ver.- Un incendio forestal fue liquidado en el municipio de Las Vigas de Ram\u00edrez, cerca del Cofre de Perote, a unos 35 kil\u00f3metros de Xalapa, la tarde de este jueves 25 de marzo. La Secretar\u00eda de Protecci\u00f3n Ciivl (PC) de Veracruz inform\u00f3 que las fuerzas de tarea reportaron liquidado el incendio a [&hellip;]<\/p>\n","protected":false},"author":1,"featured_media":12340,"comment_status":"open","ping_status":"open","sticky":false,"template":"","format":"standard","meta":{"_jetpack_memberships_contains_paid_content":false,"footnotes":""},"categories":[8],"tags":[],"class_list":["post-12339","post","type-post","status-publish","format-standard","has-post-thumbnail","hentry","category-region"],"jetpack_featured_media_url":"https:\/\/encuentroinformativo.com.mx\/wp-content\/uploads\/2021\/03\/0269E75F-E079-4B4E-A9D0-A23F8A6F0631.jpeg","jetpack_sharing_enabled":true,"jetpack_likes_enabled":true,"amp_enabled":true,"_links":{"self":[{"href":"https:\/\/encuentroinformativo.com.mx\/index.php?rest_route=\/wp\/v2\/posts\/12339","targetHints":{"allow":["GET"]}}],"collection":[{"href":"https:\/\/encuentroinformativo.com.mx\/index.php?rest_route=\/wp\/v2\/posts"}],"about":[{"href":"https:\/\/encuentroinformativo.com.mx\/index.php?rest_route=\/wp\/v2\/types\/post"}],"author":[{"embeddable":true,"href":"https:\/\/encuentroinformativo.com.mx\/index.php?rest_route=\/wp\/v2\/users\/1"}],"replies":[{"embeddable":true,"href":"https:\/\/encuentroinformativo.com.mx\/index.php?rest_route=%2Fwp%2Fv2%2Fcomments&post=12339"}],"version-history":[{"count":1,"href":"https:\/\/encuentroinformativo.com.mx\/index.php?rest_route=\/wp\/v2\/posts\/12339\/revisions"}],"predecessor-version":[{"id":12341,"href":"https:\/\/encuentroinformativo.com.mx\/index.php?rest_route=\/wp\/v2\/posts\/12339\/revisions\/12341"}],"wp:featuredmedia":[{"embeddable":true,"href":"https:\/\/encuentroinformativo.com.mx\/index.php?rest_route=\/wp\/v2\/media\/12340"}],"wp:attachment":[{"href":"https:\/\/encuentroinformativo.com.mx\/index.php?rest_route=%2Fwp%2Fv2%2Fmedia&parent=12339"}],"wp:term":[{"taxonomy":"category","embeddable":true,"href":"https:\/\/encuentroinformativo.com.mx\/index.php?rest_route=%2Fwp%2Fv2%2Fcategories&post=12339"},{"taxonomy":"post_tag","embeddable":true,"href":"https:\/\/encuentroinformativo.com.mx\/index.php?rest_route=%2Fwp%2Fv2%2Ftags&post=12339"}],"curies":[{"name":"wp","href":"https:\/\/api.w.org\/{rel}","templated":true}]}}