{"id":12351,"date":"2021-03-26T12:21:08","date_gmt":"2021-03-26T18:21:08","guid":{"rendered":"https:\/\/encuentroinformativo.com.mx\/?p=12351"},"modified":"2021-03-26T12:21:10","modified_gmt":"2021-03-26T18:21:10","slug":"incrementan-municipios-que-registran-sequia","status":"publish","type":"post","link":"https:\/\/encuentroinformativo.com.mx\/?p=12351","title":{"rendered":"Incrementan municipios que registran sequ\u00eda"},"content":{"rendered":"\n<p><strong>Dar\u00edo Pale <\/strong><\/p>\n\n\n\n<p>Xalapa, Ver.- Se han\u00a0incrementado los municipios con alg\u00fan grado de sequ\u00eda en el estado, ya que hasta el momento\u00a0son 30 municipios los que registran alg\u00fan grado de sequ\u00eda, pero seguir\u00e1n incrementando, as\u00ed lo dio a conocer la\u00a0jefa del departamento de Hidrometeorolog\u00eda de la Comisi\u00f3n Nacional del Agua (Conagua), Jessica Luna Lagunes.<\/p>\n\n\n\n<p>En su tradicional conferencia de prensa destac\u00f3 que debido a la disminuci\u00f3n de lluvias en este mes de marzo, el Servicio Meteorol\u00f3gico Nacional dio a conocer que al\u00a028 de febrero hab\u00eda 25 municipios con alg\u00fan grado de sequ\u00eda, pero para el 15 de marzo ya hay 30 municipios con alg\u00fan grado de sequ\u00eda.<\/p>\n\n\n\n<p>De esos, 29 tienen sequ\u00eda moderada y uno tiene sequ\u00eda severa, se trata de Chiconamel y los que est\u00e1n con sequ\u00eda moderada se ubican en la cuenca del P\u00e1nuco, Tuxpan y la parte alta de Coatzacoalcos,\u00a0&#8220;posiblemente al corte del 30 de marzo van aumentar los municipios con sequ\u00eda en el Estado&#8221;, se\u00f1al\u00f3 y llam\u00f3 a hacer uso eficiente del agua.<\/p>\n\n\n\n<p>En otro orden de ideas se\u00f1alo que en 2011 se registraron 414 incendios forestales, en 2019 hubo 230 y en lo que va de 2021 ya han ocurrido 58 conflagraciones, no obstante\u00a0record\u00f3 que tambi\u00e9n est\u00e1 por iniciar la temporada de granizadas por el calentamiento diurno, mismas que se dan m\u00e1s en zonas de monta\u00f1a en las tardes y noches.<\/p>\n\n\n\n<p>Por otra parte, indic\u00f3 que ante la temporada de estiaje, en los meses de marzo, abril y mayo, las lluvias ser\u00e1n cada vez m\u00e1s escasas en la Entidad, lo que implica el descenso en el nivel de r\u00edos y presas.<\/p>\n\n\n\n<p>Asimismo, coment\u00f3 que en un par de d\u00edas se registraron tres eventos de surada en la regi\u00f3n de Orizaba, Los Tuxtlas y Coatzacoalcos, por lo que las temperaturas fueron elevadas, incluso se superaron los 40 grados Celsius.<\/p>\n\n\n\n<p>Finalmente en ese sentido, coment\u00f3 que el martes, mi\u00e9rcoles y jueves de esta semana se tuvieron las temperaturas m\u00e1s altas de lo que va de este a\u00f1o, pero en abril y mayo pudiera haber temperaturas m\u00e1s elevadas.<\/p>\n","protected":false},"excerpt":{"rendered":"<p>Dar\u00edo Pale Xalapa, Ver.- Se han\u00a0incrementado los municipios con alg\u00fan grado de sequ\u00eda en el estado, ya que hasta el momento\u00a0son 30 municipios los que registran alg\u00fan grado de sequ\u00eda, pero seguir\u00e1n incrementando, as\u00ed lo dio a conocer la\u00a0jefa del departamento de Hidrometeorolog\u00eda de la Comisi\u00f3n Nacional del Agua (Conagua), Jessica Luna Lagunes. En su [&hellip;]<\/p>\n","protected":false},"author":1,"featured_media":12352,"comment_status":"open","ping_status":"open","sticky":false,"template":"","format":"standard","meta":{"_jetpack_memberships_contains_paid_content":false,"footnotes":""},"categories":[2],"tags":[],"class_list":["post-12351","post","type-post","status-publish","format-standard","has-post-thumbnail","hentry","category-estado"],"jetpack_featured_media_url":"https:\/\/encuentroinformativo.com.mx\/wp-content\/uploads\/2021\/03\/64716541-68C8-4F45-BE19-12FD87B40093.jpeg","jetpack_sharing_enabled":true,"jetpack_likes_enabled":true,"amp_enabled":true,"_links":{"self":[{"href":"https:\/\/encuentroinformativo.com.mx\/index.php?rest_route=\/wp\/v2\/posts\/12351","targetHints":{"allow":["GET"]}}],"collection":[{"href":"https:\/\/encuentroinformativo.com.mx\/index.php?rest_route=\/wp\/v2\/posts"}],"about":[{"href":"https:\/\/encuentroinformativo.com.mx\/index.php?rest_route=\/wp\/v2\/types\/post"}],"author":[{"embeddable":true,"href":"https:\/\/encuentroinformativo.com.mx\/index.php?rest_route=\/wp\/v2\/users\/1"}],"replies":[{"embeddable":true,"href":"https:\/\/encuentroinformativo.com.mx\/index.php?rest_route=%2Fwp%2Fv2%2Fcomments&post=12351"}],"version-history":[{"count":1,"href":"https:\/\/encuentroinformativo.com.mx\/index.php?rest_route=\/wp\/v2\/posts\/12351\/revisions"}],"predecessor-version":[{"id":12353,"href":"https:\/\/encuentroinformativo.com.mx\/index.php?rest_route=\/wp\/v2\/posts\/12351\/revisions\/12353"}],"wp:featuredmedia":[{"embeddable":true,"href":"https:\/\/encuentroinformativo.com.mx\/index.php?rest_route=\/wp\/v2\/media\/12352"}],"wp:attachment":[{"href":"https:\/\/encuentroinformativo.com.mx\/index.php?rest_route=%2Fwp%2Fv2%2Fmedia&parent=12351"}],"wp:term":[{"taxonomy":"category","embeddable":true,"href":"https:\/\/encuentroinformativo.com.mx\/index.php?rest_route=%2Fwp%2Fv2%2Fcategories&post=12351"},{"taxonomy":"post_tag","embeddable":true,"href":"https:\/\/encuentroinformativo.com.mx\/index.php?rest_route=%2Fwp%2Fv2%2Ftags&post=12351"}],"curies":[{"name":"wp","href":"https:\/\/api.w.org\/{rel}","templated":true}]}}