{"id":12354,"date":"2021-03-26T12:58:49","date_gmt":"2021-03-26T18:58:49","guid":{"rendered":"https:\/\/encuentroinformativo.com.mx\/?p=12354"},"modified":"2021-03-26T12:58:52","modified_gmt":"2021-03-26T18:58:52","slug":"ante-semana-santa-volveran-a-poner-vallas-en-los-portales","status":"publish","type":"post","link":"https:\/\/encuentroinformativo.com.mx\/?p=12354","title":{"rendered":"Ante Semana Santa, volver\u00e1n a poner vallas en Los Portales"},"content":{"rendered":"\n<p><strong>Alejandro \u00c1vila<\/strong><\/p>\n\n\n\n<p>Veracruz, Ver.- El director de Turismo del Ayuntamiento de Veracruz, Jos\u00e9 Salvatori Arjona, se\u00f1al\u00f3 que debido a que se espera un gran n\u00famero de visitantes durante la Semana Santa, al igual que el 31 de diciembre, la zona de Los Portales ser\u00e1 delimitada con vallas.<\/p>\n\n\n\n<p>La medida se tom\u00f3 ya que al elevar el n\u00famero de posibles visitantes a los bares y restaurantes de la zona, se colocar\u00e1n nuevamente filtros sanitarios para poder acceder a los comercios.<\/p>\n\n\n\n<p>El funcionario municipal, mencion\u00f3 que durante la Semana Santa, del 29 de marzo al 11 de abril, continuar\u00e1n las actividades de Independencia Peatonal todos los d\u00edas y no solo los fines de semana.<\/p>\n\n\n\n<p>Adem\u00e1s, coment\u00f3 que se realizar\u00e1n actividades artisticas en los callejones del Centro Hist\u00f3rico, entre los que destacan los fandangos y conciertos de grupos locales de son veracruzano y salsa.<\/p>\n\n\n\n<p>Finalmente, apunt\u00f3 que en el z\u00f3calo y malec\u00f3n, habr\u00e1 talleres art\u00edsticos para ni\u00f1os y ni\u00f1as a partir de las 17 horas.<\/p>\n","protected":false},"excerpt":{"rendered":"<p>Alejandro \u00c1vila Veracruz, Ver.- El director de Turismo del Ayuntamiento de Veracruz, Jos\u00e9 Salvatori Arjona, se\u00f1al\u00f3 que debido a que se espera un gran n\u00famero de visitantes durante la Semana Santa, al igual que el 31 de diciembre, la zona de Los Portales ser\u00e1 delimitada con vallas. La medida se tom\u00f3 ya que al elevar [&hellip;]<\/p>\n","protected":false},"author":1,"featured_media":12355,"comment_status":"open","ping_status":"open","sticky":false,"template":"","format":"standard","meta":{"_jetpack_memberships_contains_paid_content":false,"footnotes":""},"categories":[2],"tags":[],"class_list":["post-12354","post","type-post","status-publish","format-standard","has-post-thumbnail","hentry","category-estado"],"jetpack_featured_media_url":"https:\/\/encuentroinformativo.com.mx\/wp-content\/uploads\/2021\/03\/50CF9D42-AA94-4614-901D-82190F55F63B.jpeg","jetpack_sharing_enabled":true,"jetpack_likes_enabled":true,"amp_enabled":true,"_links":{"self":[{"href":"https:\/\/encuentroinformativo.com.mx\/index.php?rest_route=\/wp\/v2\/posts\/12354","targetHints":{"allow":["GET"]}}],"collection":[{"href":"https:\/\/encuentroinformativo.com.mx\/index.php?rest_route=\/wp\/v2\/posts"}],"about":[{"href":"https:\/\/encuentroinformativo.com.mx\/index.php?rest_route=\/wp\/v2\/types\/post"}],"author":[{"embeddable":true,"href":"https:\/\/encuentroinformativo.com.mx\/index.php?rest_route=\/wp\/v2\/users\/1"}],"replies":[{"embeddable":true,"href":"https:\/\/encuentroinformativo.com.mx\/index.php?rest_route=%2Fwp%2Fv2%2Fcomments&post=12354"}],"version-history":[{"count":1,"href":"https:\/\/encuentroinformativo.com.mx\/index.php?rest_route=\/wp\/v2\/posts\/12354\/revisions"}],"predecessor-version":[{"id":12356,"href":"https:\/\/encuentroinformativo.com.mx\/index.php?rest_route=\/wp\/v2\/posts\/12354\/revisions\/12356"}],"wp:featuredmedia":[{"embeddable":true,"href":"https:\/\/encuentroinformativo.com.mx\/index.php?rest_route=\/wp\/v2\/media\/12355"}],"wp:attachment":[{"href":"https:\/\/encuentroinformativo.com.mx\/index.php?rest_route=%2Fwp%2Fv2%2Fmedia&parent=12354"}],"wp:term":[{"taxonomy":"category","embeddable":true,"href":"https:\/\/encuentroinformativo.com.mx\/index.php?rest_route=%2Fwp%2Fv2%2Fcategories&post=12354"},{"taxonomy":"post_tag","embeddable":true,"href":"https:\/\/encuentroinformativo.com.mx\/index.php?rest_route=%2Fwp%2Fv2%2Ftags&post=12354"}],"curies":[{"name":"wp","href":"https:\/\/api.w.org\/{rel}","templated":true}]}}