{"id":12369,"date":"2021-03-26T14:13:21","date_gmt":"2021-03-26T20:13:21","guid":{"rendered":"https:\/\/encuentroinformativo.com.mx\/?p=12369"},"modified":"2021-03-26T14:13:24","modified_gmt":"2021-03-26T20:13:24","slug":"aplicaran-operativo-barredora-en-playas-del-puerto","status":"publish","type":"post","link":"https:\/\/encuentroinformativo.com.mx\/?p=12369","title":{"rendered":"Aplicar\u00e1n operativo barredora en playas del puerto"},"content":{"rendered":"\n<p><strong>Alejandro \u00c1vila<\/strong><\/p>\n\n\n\n<p>Veracruz, Ver.- Aunque se aclar\u00f3 que la decisi\u00f3n de cerrar playas corresponde \u00fanicamente al Gobierno Federal, el alcalde de Veracruz, Fernando Yunes M\u00e1rquez, asegur\u00f3 que durante las vacaciones de Semana Santa se realizar\u00e1 un operativo \u201cbarredora\u201d en la zona del bulevar.<\/p>\n\n\n\n<p>Aclar\u00f3 que los horarios para que los turistas est\u00e9n en la zona de playas es de 10 de la ma\u00f1ana y hasta las 18 horas, por lo que despu\u00e9s de ese tiempo los guardavidas municipales invitar\u00e1n a la gente a salirse del agua y a retirarse de la playa.<\/p>\n\n\n\n<p>En caso de negarse a retirarse, ser\u00e1 la Polic\u00eda Naval la que tome acciones en contra de las personas que no acaten las instrucciones de los guardavidas.<\/p>\n\n\n\n<p>El edil panista, aclar\u00f3 que no habr\u00e1 permisos para pernoctar en las playas, aunque se dispondr\u00e1 como en otros a\u00f1os de su administraci\u00f3n, espacios en la Casa de la Tierra y en auditorio \u201cBenito Ju\u00e1rez\u201d para que puedan colocar sus casas de campa\u00f1a, en el mismo sitio habr\u00e1 regaderas y ba\u00f1os para que puedan cumplir con la higiene necesaria.<\/p>\n\n\n\n<p>Yunes M\u00e1rquez, coment\u00f3 tambi\u00e9n que para este periodo vacacional no se conceder\u00e1n permisos temporales para los comerciantes y solo podr\u00e1n vender en la ciudad, aquellos que ya est\u00e9n dentro del padr\u00f3n de vendedores que tiene el Ayuntamiento de Veracruz.<\/p>\n\n\n\n<p>De la misma manera, pidi\u00f3 a los visitantes y locales ser emp\u00e1ticos con los vendedores, meseros, garroteros y todo personal de atenci\u00f3n, pues dijo que han tenido un a\u00f1o dif\u00edcil por la pandemia y ven esta Semana Santa como una fecha donde pueden incrementar sus ingresos.<\/p>\n","protected":false},"excerpt":{"rendered":"<p>Alejandro \u00c1vila Veracruz, Ver.- Aunque se aclar\u00f3 que la decisi\u00f3n de cerrar playas corresponde \u00fanicamente al Gobierno Federal, el alcalde de Veracruz, Fernando Yunes M\u00e1rquez, asegur\u00f3 que durante las vacaciones de Semana Santa se realizar\u00e1 un operativo \u201cbarredora\u201d en la zona del bulevar. Aclar\u00f3 que los horarios para que los turistas est\u00e9n en la zona [&hellip;]<\/p>\n","protected":false},"author":1,"featured_media":9621,"comment_status":"open","ping_status":"open","sticky":false,"template":"","format":"standard","meta":{"_jetpack_memberships_contains_paid_content":false,"footnotes":""},"categories":[2],"tags":[],"class_list":["post-12369","post","type-post","status-publish","format-standard","has-post-thumbnail","hentry","category-estado"],"jetpack_featured_media_url":"https:\/\/encuentroinformativo.com.mx\/wp-content\/uploads\/2020\/12\/000B8517-6204-49B0-9732-7F1635DD02AE.jpeg","jetpack_sharing_enabled":true,"jetpack_likes_enabled":true,"amp_enabled":true,"_links":{"self":[{"href":"https:\/\/encuentroinformativo.com.mx\/index.php?rest_route=\/wp\/v2\/posts\/12369","targetHints":{"allow":["GET"]}}],"collection":[{"href":"https:\/\/encuentroinformativo.com.mx\/index.php?rest_route=\/wp\/v2\/posts"}],"about":[{"href":"https:\/\/encuentroinformativo.com.mx\/index.php?rest_route=\/wp\/v2\/types\/post"}],"author":[{"embeddable":true,"href":"https:\/\/encuentroinformativo.com.mx\/index.php?rest_route=\/wp\/v2\/users\/1"}],"replies":[{"embeddable":true,"href":"https:\/\/encuentroinformativo.com.mx\/index.php?rest_route=%2Fwp%2Fv2%2Fcomments&post=12369"}],"version-history":[{"count":1,"href":"https:\/\/encuentroinformativo.com.mx\/index.php?rest_route=\/wp\/v2\/posts\/12369\/revisions"}],"predecessor-version":[{"id":12370,"href":"https:\/\/encuentroinformativo.com.mx\/index.php?rest_route=\/wp\/v2\/posts\/12369\/revisions\/12370"}],"wp:featuredmedia":[{"embeddable":true,"href":"https:\/\/encuentroinformativo.com.mx\/index.php?rest_route=\/wp\/v2\/media\/9621"}],"wp:attachment":[{"href":"https:\/\/encuentroinformativo.com.mx\/index.php?rest_route=%2Fwp%2Fv2%2Fmedia&parent=12369"}],"wp:term":[{"taxonomy":"category","embeddable":true,"href":"https:\/\/encuentroinformativo.com.mx\/index.php?rest_route=%2Fwp%2Fv2%2Fcategories&post=12369"},{"taxonomy":"post_tag","embeddable":true,"href":"https:\/\/encuentroinformativo.com.mx\/index.php?rest_route=%2Fwp%2Fv2%2Ftags&post=12369"}],"curies":[{"name":"wp","href":"https:\/\/api.w.org\/{rel}","templated":true}]}}