{"id":12377,"date":"2021-03-27T13:18:20","date_gmt":"2021-03-27T19:18:20","guid":{"rendered":"https:\/\/encuentroinformativo.com.mx\/?p=12377"},"modified":"2021-03-27T13:18:51","modified_gmt":"2021-03-27T19:18:51","slug":"perredistas-repiten-protestas-a-favor-de-rogelio-n","status":"publish","type":"post","link":"https:\/\/encuentroinformativo.com.mx\/?p=12377","title":{"rendered":"Perredistas repiten protestas a favor de Rogelio \u201cN\u201d"},"content":{"rendered":"\n<p><strong>Dar\u00edo Pale <\/strong><\/p>\n\n\n\n<p>Xalapa, Ver.- Militantes del Partido de la Revoluci\u00f3n Democr\u00e1tica (PRD), se volvieron a manifestar a un costado de palacio de gobierno para solicitar la liberaci\u00f3n de Rogelio &#8220;N&#8221;, ya que lo consideran un preso pol\u00edtico y conseguir\u00e1n su libertad dem\u00e1s de que solicitaron al gobernador del estado Cuitl\u00e1huac Garc\u00eda Jim\u00e9nez que detenga la represi\u00f3n judicial.<\/p>\n\n\n\n<p>En conferencia de prensa realizada en conocido caf\u00e9 del centro de Xalapa, previo a la manifestaci\u00f3n en el parque Ju\u00e1rez el consejero estatal del PRD Manuel Bernal Rivera dio a conocer que los funcionarios de palacio de gobierno est\u00e1n cometiendo una arbitrariedad a la constitucionalidad por lo cual tiene de manera injusta a Rogelio \u201cN\u201d, por lo cual est\u00e1n en una jornada nacional en su apoyo ya que Veracruz est\u00e1 ultrajado.<\/p>\n\n\n\n<p>Se\u00f1al\u00f3 que la privaci\u00f3n de la libertad de Rogelio tiene todos los elementos para ser considerado un preso pol\u00edtico, en Veracruz est\u00e1 claro que existe un delirio persecutorio contra la libertad de expresi\u00f3n, contra quienes se manifiestan en contra de un poder corrupto e ineficiente como el actual que est\u00e1 en palacio de gobierno, la detenci\u00f3n de su compa\u00f1ero demuestra un uso faccioso de la ley e instituciones que deber\u00edan garantes de lo que establece la constituci\u00f3n, pero es lo contrario.<\/p>\n\n\n\n<p>Por lo anterior exigieron desde el PRD de Xalapa al gobernador Cuitl\u00e1huac Garc\u00eda Jim\u00e9nez que detenga la reprensi\u00f3n judicial en contra de Rogelio \u201cN\u201d y que sean las autoridades judiciales quienes resuelvan con autonom\u00eda y sin concesiones pol\u00edticas, ya que con la justicia en la mano y con la unidad del pueblo van a conseguir su libertad.<\/p>\n\n\n\n<p>En otro orden de ideas se\u00f1al\u00f3 que la reforma la C\u00f3digo Penal de Veracruz ten\u00eda un objetivo que era Rogelio \u201cN\u201d pero pude alcanzar a cualquier persona, por lo que tiene que derogarse y las fuerzas pol\u00edticas nacionales quienes presenten una controversia constitucional ya que es una verg\u00fcenza que los legisladores de Veracruz no sepan el contenido de lo que aprobaron, \u00a0ya que solo son &#8220;levanta dedos es una verg\u00fcenza para Veracruz los diputados que tenemos diputados y diputadas&#8221;.<\/p>\n\n\n\n<p>Finalmente dio a conocer que es una ley que lastima la libertad de expresi\u00f3n y los derechos humanos de todos los veracruzanos ya que cualquier argumento que diga la cualquier autoridad ser\u00e1 motivo para que se le aplique la ley de ultrajes a la autoridad y sean privados de su libertad, lo cual est\u00e1 considerando un delito grave.<\/p>\n\n\n\n<figure class=\"wp-block-image size-large\"><img loading=\"lazy\" decoding=\"async\" width=\"1024\" height=\"576\" src=\"https:\/\/encuentroinformativo.com.mx\/wp-content\/uploads\/2021\/03\/9DE4ED5D-53C8-4988-8830-3DF3540F679B-1024x576.jpeg\" alt=\"\" class=\"wp-image-12379\" srcset=\"https:\/\/encuentroinformativo.com.mx\/wp-content\/uploads\/2021\/03\/9DE4ED5D-53C8-4988-8830-3DF3540F679B-1024x576.jpeg 1024w, https:\/\/encuentroinformativo.com.mx\/wp-content\/uploads\/2021\/03\/9DE4ED5D-53C8-4988-8830-3DF3540F679B-300x169.jpeg 300w, https:\/\/encuentroinformativo.com.mx\/wp-content\/uploads\/2021\/03\/9DE4ED5D-53C8-4988-8830-3DF3540F679B-768x432.jpeg 768w, https:\/\/encuentroinformativo.com.mx\/wp-content\/uploads\/2021\/03\/9DE4ED5D-53C8-4988-8830-3DF3540F679B.jpeg 1280w\" sizes=\"auto, (max-width: 1024px) 100vw, 1024px\" \/><\/figure>\n","protected":false},"excerpt":{"rendered":"<p>Dar\u00edo Pale Xalapa, Ver.- Militantes del Partido de la Revoluci\u00f3n Democr\u00e1tica (PRD), se volvieron a manifestar a un costado de palacio de gobierno para solicitar la liberaci\u00f3n de Rogelio &#8220;N&#8221;, ya que lo consideran un preso pol\u00edtico y conseguir\u00e1n su libertad dem\u00e1s de que solicitaron al gobernador del estado Cuitl\u00e1huac Garc\u00eda Jim\u00e9nez que detenga la [&hellip;]<\/p>\n","protected":false},"author":1,"featured_media":12378,"comment_status":"open","ping_status":"open","sticky":false,"template":"","format":"standard","meta":{"_jetpack_memberships_contains_paid_content":false,"footnotes":""},"categories":[3],"tags":[],"class_list":["post-12377","post","type-post","status-publish","format-standard","has-post-thumbnail","hentry","category-xalapa"],"jetpack_featured_media_url":"https:\/\/encuentroinformativo.com.mx\/wp-content\/uploads\/2021\/03\/805BD5D7-863B-44A7-B88B-C3625062795D.jpeg","jetpack_sharing_enabled":true,"jetpack_likes_enabled":true,"amp_enabled":true,"_links":{"self":[{"href":"https:\/\/encuentroinformativo.com.mx\/index.php?rest_route=\/wp\/v2\/posts\/12377","targetHints":{"allow":["GET"]}}],"collection":[{"href":"https:\/\/encuentroinformativo.com.mx\/index.php?rest_route=\/wp\/v2\/posts"}],"about":[{"href":"https:\/\/encuentroinformativo.com.mx\/index.php?rest_route=\/wp\/v2\/types\/post"}],"author":[{"embeddable":true,"href":"https:\/\/encuentroinformativo.com.mx\/index.php?rest_route=\/wp\/v2\/users\/1"}],"replies":[{"embeddable":true,"href":"https:\/\/encuentroinformativo.com.mx\/index.php?rest_route=%2Fwp%2Fv2%2Fcomments&post=12377"}],"version-history":[{"count":1,"href":"https:\/\/encuentroinformativo.com.mx\/index.php?rest_route=\/wp\/v2\/posts\/12377\/revisions"}],"predecessor-version":[{"id":12380,"href":"https:\/\/encuentroinformativo.com.mx\/index.php?rest_route=\/wp\/v2\/posts\/12377\/revisions\/12380"}],"wp:featuredmedia":[{"embeddable":true,"href":"https:\/\/encuentroinformativo.com.mx\/index.php?rest_route=\/wp\/v2\/media\/12378"}],"wp:attachment":[{"href":"https:\/\/encuentroinformativo.com.mx\/index.php?rest_route=%2Fwp%2Fv2%2Fmedia&parent=12377"}],"wp:term":[{"taxonomy":"category","embeddable":true,"href":"https:\/\/encuentroinformativo.com.mx\/index.php?rest_route=%2Fwp%2Fv2%2Fcategories&post=12377"},{"taxonomy":"post_tag","embeddable":true,"href":"https:\/\/encuentroinformativo.com.mx\/index.php?rest_route=%2Fwp%2Fv2%2Ftags&post=12377"}],"curies":[{"name":"wp","href":"https:\/\/api.w.org\/{rel}","templated":true}]}}