{"id":12382,"date":"2021-03-27T13:26:55","date_gmt":"2021-03-27T19:26:55","guid":{"rendered":"https:\/\/encuentroinformativo.com.mx\/?p=12382"},"modified":"2021-03-27T13:27:26","modified_gmt":"2021-03-27T19:27:26","slug":"la-apuesta-de-danner","status":"publish","type":"post","link":"https:\/\/encuentroinformativo.com.mx\/?p=12382","title":{"rendered":"La apuesta de Danner"},"content":{"rendered":"\n<p><strong>N\u00fameros Rojos<\/strong><\/p>\n\n\n\n<p><strong>Brenda Caballero<\/strong><\/p>\n\n\n\n<p>\u00bfC\u00f3mo va tu candidatura?, pregunta Am\u00e9rico Z\u00fa\u00f1iga Mart\u00ednez a Danner Gonz\u00e1lez Rodr\u00edguez mientras se acerca a saludarlo en una Gavia atiborrada de precandidatos de Xalapa. Danner se levanta, responde al saludo mientras contesta que est\u00e1 trabajando para ir por una curul en San L\u00e1zaro. \u201cA ti s\u00ed te gustar\u00eda, a m\u00ed no\u201d, dice Am\u00e9rico. La inesperada respuesta suena l\u00f3gica ya que de darse la candidatura de Danner, ambos se estar\u00edan enfrentando por la diputaci\u00f3n federal por el Distrito X con cabecera en Xalapa&#8230; Gonz\u00e1lez por Morena y Z\u00fa\u00f1iga por el PRI. Sin duda, la posible contienda abonar\u00eda demasiado al morbo pol\u00edtico capitalino y m\u00e1s cuando ambos, all\u00e1 en el 2015, se hab\u00edan enfrascado en una lucha v\u00eda twitter sobre la modificaci\u00f3n al C\u00f3digo Hacendario Municipal donde Am\u00e9rico propon\u00eda que los artistas pagaran impuestos, mientras Danner sosten\u00eda lo contrario. Al final, no se llev\u00f3 a cabo tal gravamen.<\/p>\n\n\n\n<p>Entonces \u00bfse imagina usted lo que viene si ambos son contendientes por el mismo distrito? Danner no es un improvisado en la pol\u00edtica. Cuando fue diputado federal, recuerdo una de sus intervenciones en tribuna federal: \u201cYo no vengo a \u00a0hablar de candidatos y candidaturas, vengo a hablar de 2 temas que son muy relevantes y de gran preocupaci\u00f3n para los veracruzanos: educaci\u00f3n y salud\u201d. En esa ocasi\u00f3n destacaba las observaciones de la Cuenta P\u00fablica 2013 por la Auditor\u00eda Superior de la Federaci\u00f3n y los desv\u00edos a esos rubros durante el gobierno de Javier Duarte de Ochoa.<\/p>\n\n\n\n<p>A\u00f1os despu\u00e9s, sigue considerando a la educaci\u00f3n uno de sus temas principales. Incluso, \u00e9sa es una de las razones por la que en 2016, junto con la defensora de Derechos Humanos, Carolina Ram\u00edrez Su\u00e1rez, fundaron la Asociaci\u00f3n Civil \u201cSon La Esperanza\u201d, enfocada para la ni\u00f1ez y juventud veracruzana, pues son la esperanza de nuestra sociedad.Gonz\u00e1lez Rodr\u00edguez le apuesta a la cultura y hasta busc\u00f3 de manera incansable alianzas con diversas editoriales mexicanas y colectivos de la sociedad civil para donar m\u00e1s de 10 mil libros a lo largo y ancho del territorio veracruzano. As\u00ed naci\u00f3 el Programa Ver Por la Lectura, adem\u00e1s de Cuenta Cuentos, donde particip\u00f3 Ana Valderrama, titular del proyecto independiente de fomento a la lectura \u201cAves y Moras\u201d.<\/p>\n\n\n\n<p>A las preocupaciones de Danner se ha sumado desde hace a\u00f1os la perspectiva de g\u00e9nero, aparte de la paridad. Considera que es necesario transversalizar las pol\u00edticas p\u00fablicas actuales adem\u00e1s de retomar el tema de la despenalizaci\u00f3n del aborto. Considera ser un aliado de las mujeres en su lucha para vivir libres de violencia. Considera que no se debe inventar una agenda, sino se debe usar el parlamento abierto y apoyarse de los y las que saben del tema.\u00a0\u201cSer\u00e9 como una piedrita en el zapato\u201d, dice de repente Carolina Ram\u00edrez all\u00ed presente. \u201dYo veo en Danner una persona que me tiene tranquila, me da garant\u00edas a pesar de que es hombre, y es terrible que lo diga y me duele en el alma, pero as\u00ed lo veo\u2026 a pesar de su juventud, su visi\u00f3n, capacidad y calidad humana son inigualables, \u00e9l est\u00e1 abierto a opiniones y consejos\u2026 una persona puede hacer la diferencia e incidir en las leyes, en los derechos humanos, en sancionar la violencia de g\u00e9nero\u201d. Eso me hace preguntarle el porqu\u00e9 las mujeres votar\u00edan por un var\u00f3n. Carolina de inmediato contesta: \u201cTener cuerpo de mujer no es garant\u00eda de trabajo para las mujeres\u201d.\u00a0Danner reconoce que hay muchos pendientes en Veracruz, pero conf\u00eda en el gobierno de Andr\u00e9s Manuel L\u00f3pez Obrador; sabe que su movimiento lograr\u00e1 la transformaci\u00f3n en el pa\u00eds. Menciona que tambi\u00e9n deber\u00eda medirse el trabajo de los legisladores, pues hay muchos que ni una iniciativa por su distrito presentaron.\u00a0Adem\u00e1s de mencionar que Xalapa necesita voces articuladas, Danner reconoce que es necesario alzar la voz tambi\u00e9n para reconocer lo que est\u00e1 bien o criticar lo que hace falta. Refiere que dentro de los principios democr\u00e1ticos de Morena se contempla la libertad de expresi\u00f3n de puntos de vista divergentes. \u201cEn Morena no hay pensamiento \u00fanico\u201d.<\/p>\n\n\n\n<p>Ser\u00e1 el pr\u00f3ximo 29 de marzo cuando se decida la candidatura a diputado federal en Morena; si gana Danner seguramente veremos guerra de partidos en redes sociales.<\/p>\n\n\n\n<p>@NumerosRojos_BC<\/p>\n\n\n\n<p><a rel=\"noreferrer noopener\" href=\"mailto:caballero_brenda@hotmail.com\" target=\"_blank\">caballero_brenda@hotmail.com<\/a><\/p>\n","protected":false},"excerpt":{"rendered":"<p>N\u00fameros Rojos Brenda Caballero \u00bfC\u00f3mo va tu candidatura?, pregunta Am\u00e9rico Z\u00fa\u00f1iga Mart\u00ednez a Danner Gonz\u00e1lez Rodr\u00edguez mientras se acerca a saludarlo en una Gavia atiborrada de precandidatos de Xalapa. Danner se levanta, responde al saludo mientras contesta que est\u00e1 trabajando para ir por una curul en San L\u00e1zaro. \u201cA ti s\u00ed te gustar\u00eda, a m\u00ed [&hellip;]<\/p>\n","protected":false},"author":1,"featured_media":70,"comment_status":"open","ping_status":"open","sticky":false,"template":"","format":"standard","meta":{"_jetpack_memberships_contains_paid_content":false,"footnotes":""},"categories":[11],"tags":[],"class_list":["post-12382","post","type-post","status-publish","format-standard","has-post-thumbnail","hentry","category-opinion"],"jetpack_featured_media_url":"https:\/\/encuentroinformativo.com.mx\/wp-content\/uploads\/2020\/02\/opinion-invitado.jpg","jetpack_sharing_enabled":true,"jetpack_likes_enabled":true,"amp_enabled":true,"_links":{"self":[{"href":"https:\/\/encuentroinformativo.com.mx\/index.php?rest_route=\/wp\/v2\/posts\/12382","targetHints":{"allow":["GET"]}}],"collection":[{"href":"https:\/\/encuentroinformativo.com.mx\/index.php?rest_route=\/wp\/v2\/posts"}],"about":[{"href":"https:\/\/encuentroinformativo.com.mx\/index.php?rest_route=\/wp\/v2\/types\/post"}],"author":[{"embeddable":true,"href":"https:\/\/encuentroinformativo.com.mx\/index.php?rest_route=\/wp\/v2\/users\/1"}],"replies":[{"embeddable":true,"href":"https:\/\/encuentroinformativo.com.mx\/index.php?rest_route=%2Fwp%2Fv2%2Fcomments&post=12382"}],"version-history":[{"count":1,"href":"https:\/\/encuentroinformativo.com.mx\/index.php?rest_route=\/wp\/v2\/posts\/12382\/revisions"}],"predecessor-version":[{"id":12383,"href":"https:\/\/encuentroinformativo.com.mx\/index.php?rest_route=\/wp\/v2\/posts\/12382\/revisions\/12383"}],"wp:featuredmedia":[{"embeddable":true,"href":"https:\/\/encuentroinformativo.com.mx\/index.php?rest_route=\/wp\/v2\/media\/70"}],"wp:attachment":[{"href":"https:\/\/encuentroinformativo.com.mx\/index.php?rest_route=%2Fwp%2Fv2%2Fmedia&parent=12382"}],"wp:term":[{"taxonomy":"category","embeddable":true,"href":"https:\/\/encuentroinformativo.com.mx\/index.php?rest_route=%2Fwp%2Fv2%2Fcategories&post=12382"},{"taxonomy":"post_tag","embeddable":true,"href":"https:\/\/encuentroinformativo.com.mx\/index.php?rest_route=%2Fwp%2Fv2%2Ftags&post=12382"}],"curies":[{"name":"wp","href":"https:\/\/api.w.org\/{rel}","templated":true}]}}